{"id":21104,"date":"2026-03-20T17:58:21","date_gmt":"2026-03-20T17:58:21","guid":{"rendered":"https:\/\/romanswinedanube.hu\/?p=21104"},"modified":"2026-03-20T17:58:23","modified_gmt":"2026-03-20T17:58:23","slug":"romanswinedanube-partnertalalkozo-ptuj","status":"publish","type":"post","link":"https:\/\/romanswinedanube.hu\/en\/romanswinedanube-partnertalalkozo-ptuj\/","title":{"rendered":"#RomansWineDanube Partnertal\u00e1lkoz\u00f3 &#8211;  Ptuj"},"content":{"rendered":"<p><\/p>\n\n\n\n<p>A 4. #RomansWineDanube partnertal\u00e1lkoz\u00f3ra 2025. okt\u00f3ber 15\u201316-\u00e1n ker\u00fclt sor a szlov\u00e9niai Ptujban \u2013 az orsz\u00e1g legr\u00e9gebbi v\u00e1ros\u00e1ban \u00e9s az \u00fatvonal egyik leggazdagabb t\u00f6rt\u00e9nelmi meg\u00e1ll\u00f3hely\u00e9n. A Bistra Ptuj Tudom\u00e1nyos Kutat\u00f3k\u00f6zpont \u00e1ltal szervezett tal\u00e1lkoz\u00f3 \u00f6sszehozta a Duna r\u00e9gi\u00f3 partnereit, hogy \u00e1ttekints\u00e9k az el\u00e9rt eredm\u00e9nyeket, tapasztalatokat cser\u00e9ljenek, \u00e9s megtervezz\u00e9k a k\u00f6z\u00f6s r\u00f3mai \u00e9s bor\u00e1szati \u200b\u200b\u00f6r\u00f6ks\u00e9g m\u00e1rka\u00e9p\u00edt\u00e9s k\u00f6vetkez\u0151 l\u00e9p\u00e9seit.<\/p>\n\n\n\n<p>Az els\u0151 nap a k\u00eds\u00e9rleti tev\u00e9kenys\u00e9gekre \u00f6sszpontos\u00edtott, \u00e1ttekintve fesztiv\u00e1ljainkat \u2013 a kulcsfontoss\u00e1g\u00fa esem\u00e9nyeket, amelyek a helyi k\u00f6z\u00f6ss\u00e9geket \u00e9s a l\u00e1togat\u00f3kat k\u00f6tik \u00f6ssze a r\u00f3mai \u00f6r\u00f6ks\u00e9g, a borkult\u00fara \u00e9s a t\u00f6rt\u00e9netmes\u00e9l\u00e9s r\u00e9v\u00e9n. A partnerek bemutatt\u00e1k k\u00eds\u00e9rleti fesztiv\u00e1ljaikat, megosztva a tanuls\u00e1gokat, az innovat\u00edv \u00f6tleteket \u00e9s a k\u00f6z\u00f6ns\u00e9g bevon\u00e1s\u00e1ra ir\u00e1nyul\u00f3 kreat\u00edv megk\u00f6zel\u00edt\u00e9seket. A megbesz\u00e9l\u00e9st kieg\u00e9sz\u00edtett\u00e9k a turisztikai megfigyel\u0151k\u00f6zpontok sz\u00e1m\u00e1ra v\u00e9gzett adatgy\u0171jt\u00e9ssel kapcsolatos betekint\u00e9sek, amelyek a projektben k\u00f6z\u00f6sen kidolgozott megold\u00e1saink egyik\u00e9t jelentik a fenntarthat\u00f3 turizmus \u00e9s a l\u00e1togat\u00f3i mint\u00e1k megfigyel\u00e9s\u00e9re, m\u00e9r\u00e9s\u00e9re \u00e9s jelent\u00e9s\u00e9re, seg\u00edtve a partnereket a fenntarthat\u00f3bb \u00e9s adatvez\u00e9relt kultur\u00e1lis \u00e9lm\u00e9nyek kialak\u00edt\u00e1s\u00e1ban.<\/p>\n\n\n\n<p>Egy kreat\u00edv szekci\u00f3ban mutatt\u00e1k be a gyulafeh\u00e9rv\u00e1ri csapat \u00e1ltal kidolgozott k\u00f6z\u00f6s fizikai \u00e9s digit\u00e1lis szuven\u00edrek koncepci\u00f3it, vit\u00e1t ind\u00edtva arr\u00f3l, hogyan lehetne ezeket az \u00fatvonalon megval\u00f3s\u00edtani, hogy t\u00fckr\u00f6zz\u00e9k a k\u00f6z\u00f6s t\u00f6rt\u00e9netmes\u00e9l\u00e9si koncepci\u00f3t \u00e9s a helyi saj\u00e1toss\u00e1gokat. A p\u00e9csi koll\u00e9g\u00e1k gyakorlati tapasztalatot is adtak a t\u00e9m\u00e1hoz, \u00e9s val\u00f3di szuven\u00edr protot\u00edpusokat hoztak magukkal, amelyeket m\u00e1r teszteltek a helyi fesztiv\u00e1ljukon.<\/p>\n\n\n\n<p>Az els\u0151 nap z\u00e1r\u00e1sak\u00e9nt a partnerek egy vezetett gyalogt\u00far\u00e1n vettek r\u00e9szt Ptuj \u0151si utc\u00e1in, amelyhez csatlakoztak Orpheusz \u00e9s Euridik\u00e9 mitikus alakjai. A t\u00fara \u00e9letre keltette a v\u00e1ros r\u00f3mai m\u00faltj\u00e1t, \u00e9l\u00e9nk eml\u00e9keztet\u0151t ny\u00fajtva a r\u00e9sztvev\u0151knek arra, hogyan fon\u00f3dik \u00f6ssze a t\u00f6rt\u00e9nelem, a legenda \u00e9s a kult\u00fara az \u00fatvonal ment\u00e9n fekv\u0151 helysz\u00edneken.<\/p>\n\n\n\n<p>A m\u00e1sodik nap a strat\u00e9gia \u00e9s a tervez\u00e9s jegy\u00e9ben telt. A d\u00e9lel\u0151tt egy Ir\u00e1ny\u00edt\u00f3 Bizotts\u00e1gi \u00dcl\u00e9ssel kezd\u0151d\u00f6tt, majd a Helyi Akci\u00f3tervekr\u0151l sz\u00f3l\u00f3 munkamegbesz\u00e9l\u00e9s k\u00f6vetkezett, biztos\u00edtva, hogy a partnerek \u00f6sszehangolj\u00e1k helyi er\u0151fesz\u00edt\u00e9seiket a Kultur\u00e1lis Turizmus Fejleszt\u00e9s\u00e9nek K\u00f6z\u00f6s Transznacion\u00e1lis Strat\u00e9gi\u00e1j\u00e1ban felv\u00e1zolt strat\u00e9giai kerettel \u00e9s j\u00f6v\u0151k\u00e9ppel. A tal\u00e1lkoz\u00f3 a Projekt P\u00e9nz\u00fcgyeinek \u00e1ttekint\u00e9s\u00e9vel, k\u00e9rd\u00e9sek \u00e9s v\u00e1laszok r\u00e9sszel, valamint \u00f6sszefoglal\u00f3 megbesz\u00e9l\u00e9ssel z\u00e1rult, megalapozva a projekt k\u00f6vetkez\u0151 megval\u00f3s\u00edt\u00e1si f\u00e1zis\u00e1t.<\/p>\n\n\n\n<p>A ptuji tal\u00e1lkoz\u00f3 ism\u00e9t bebizony\u00edtotta, hogy az egy\u00fcttm\u0171k\u00f6d\u00e9s, a kreativit\u00e1s \u00e9s a k\u00f6z\u00f6s j\u00f6v\u0151k\u00e9p \u00e1ll a #RomansWineDanube k\u00f6z\u00e9ppontj\u00e1ban \u2013 egy olyan \u00fatvonalon, amely tov\u00e1bbra is \u00f6sszek\u00f6ti az embereket, az \u00f6r\u00f6ks\u00e9get \u00e9s a borkult\u00far\u00e1t a Duna id\u0151tlen foly\u00e1sa ment\u00e9n.<\/p>","protected":false},"excerpt":{"rendered":"<p>A 4. #RomansWineDanube partnertal\u00e1lkoz\u00f3ra 2025. okt\u00f3ber 15\u201316-\u00e1n ker\u00fclt sor a szlov\u00e9niai Ptujban \u2013 az orsz\u00e1g legr\u00e9gebbi v\u00e1ros\u00e1ban \u00e9s az \u00fatvonal egyik leggazdagabb t\u00f6rt\u00e9nelmi meg\u00e1ll\u00f3hely\u00e9n. A Bistra Ptuj Tudom\u00e1nyos Kutat\u00f3k\u00f6zpont \u00e1ltal&hellip;<\/p>","protected":false},"author":2,"featured_media":0,"comment_status":"open","ping_status":"open","sticky":false,"template":"","format":"standard","meta":{"footnotes":""},"categories":[214],"tags":[11],"class_list":["post-21104","post","type-post","status-publish","format-standard","hentry","category-blog","tag-szakmai"],"yoast_head":"<!-- This site is optimized with the Yoast SEO Premium plugin v25.4 (Yoast SEO v25.6) - https:\/\/yoast.com\/wordpress\/plugins\/seo\/ -->\n<title>#RomansWineDanube Partnertal\u00e1lkoz\u00f3 - Ptuj - Romanswinedanube.hu<\/title>\n<meta name=\"robots\" content=\"index, follow, max-snippet:-1, max-image-preview:large, max-video-preview:-1\" \/>\n<link rel=\"canonical\" href=\"https:\/\/romanswinedanube.hu\/en\/romanswinedanube-partnertalalkozo-ptuj\/\" \/>\n<meta property=\"og:locale\" content=\"en_GB\" \/>\n<meta property=\"og:type\" content=\"article\" \/>\n<meta property=\"og:title\" content=\"#RomansWineDanube Partnertal\u00e1lkoz\u00f3 - Ptuj\" \/>\n<meta property=\"og:description\" content=\"A 4. #RomansWineDanube partnertal\u00e1lkoz\u00f3ra 2025. okt\u00f3ber 15\u201316-\u00e1n ker\u00fclt sor a szlov\u00e9niai Ptujban \u2013 az orsz\u00e1g legr\u00e9gebbi v\u00e1ros\u00e1ban \u00e9s az \u00fatvonal egyik leggazdagabb t\u00f6rt\u00e9nelmi meg\u00e1ll\u00f3hely\u00e9n. A Bistra Ptuj Tudom\u00e1nyos Kutat\u00f3k\u00f6zpont \u00e1ltal&hellip;\" \/>\n<meta property=\"og:url\" content=\"https:\/\/romanswinedanube.hu\/en\/romanswinedanube-partnertalalkozo-ptuj\/\" \/>\n<meta property=\"og:site_name\" content=\"Romanswinedanube.hu\" \/>\n<meta property=\"article:publisher\" content=\"https:\/\/www.facebook.com\/romaifesztival\" \/>\n<meta property=\"article:published_time\" content=\"2026-03-20T17:58:21+00:00\" \/>\n<meta property=\"article:modified_time\" content=\"2026-03-20T17:58:23+00:00\" \/>\n<meta name=\"author\" content=\"mananga.eniko@gmail.com\" \/>\n<meta name=\"twitter:card\" content=\"summary_large_image\" \/>\n<meta name=\"twitter:label1\" content=\"Written by\" \/>\n\t<meta name=\"twitter:data1\" content=\"mananga.eniko@gmail.com\" \/>\n\t<meta name=\"twitter:label2\" content=\"Estimated reading time\" \/>\n\t<meta name=\"twitter:data2\" content=\"2 minutes\" \/>\n<script type=\"application\/ld+json\" class=\"yoast-schema-graph\">{\"@context\":\"https:\/\/schema.org\",\"@graph\":[{\"@type\":\"Article\",\"@id\":\"https:\/\/romanswinedanube.hu\/romanswinedanube-partnertalalkozo-ptuj\/#article\",\"isPartOf\":{\"@id\":\"https:\/\/romanswinedanube.hu\/romanswinedanube-partnertalalkozo-ptuj\/\"},\"author\":{\"name\":\"mananga.eniko@gmail.com\",\"@id\":\"https:\/\/romanswinedanube.hu\/#\/schema\/person\/35d67c9270d9ca54191c8483d59b1d24\"},\"headline\":\"#RomansWineDanube Partnertal\u00e1lkoz\u00f3 &#8211; Ptuj\",\"datePublished\":\"2026-03-20T17:58:21+00:00\",\"dateModified\":\"2026-03-20T17:58:23+00:00\",\"mainEntityOfPage\":{\"@id\":\"https:\/\/romanswinedanube.hu\/romanswinedanube-partnertalalkozo-ptuj\/\"},\"wordCount\":605,\"commentCount\":0,\"publisher\":{\"@id\":\"https:\/\/romanswinedanube.hu\/#organization\"},\"keywords\":[\"szakmai\"],\"articleSection\":[\"blog\"],\"inLanguage\":\"en-GB\",\"potentialAction\":[{\"@type\":\"CommentAction\",\"name\":\"Comment\",\"target\":[\"https:\/\/romanswinedanube.hu\/romanswinedanube-partnertalalkozo-ptuj\/#respond\"]}]},{\"@type\":\"WebPage\",\"@id\":\"https:\/\/romanswinedanube.hu\/romanswinedanube-partnertalalkozo-ptuj\/\",\"url\":\"https:\/\/romanswinedanube.hu\/romanswinedanube-partnertalalkozo-ptuj\/\",\"name\":\"#RomansWineDanube Partnertal\u00e1lkoz\u00f3 - Ptuj - Romanswinedanube.hu\",\"isPartOf\":{\"@id\":\"https:\/\/romanswinedanube.hu\/#website\"},\"datePublished\":\"2026-03-20T17:58:21+00:00\",\"dateModified\":\"2026-03-20T17:58:23+00:00\",\"breadcrumb\":{\"@id\":\"https:\/\/romanswinedanube.hu\/romanswinedanube-partnertalalkozo-ptuj\/#breadcrumb\"},\"inLanguage\":\"en-GB\",\"potentialAction\":[{\"@type\":\"ReadAction\",\"target\":[\"https:\/\/romanswinedanube.hu\/romanswinedanube-partnertalalkozo-ptuj\/\"]}]},{\"@type\":\"BreadcrumbList\",\"@id\":\"https:\/\/romanswinedanube.hu\/romanswinedanube-partnertalalkozo-ptuj\/#breadcrumb\",\"itemListElement\":[{\"@type\":\"ListItem\",\"position\":1,\"name\":\"Kezd\u0151lap\",\"item\":\"https:\/\/romanswinedanube.hu\/\"},{\"@type\":\"ListItem\",\"position\":2,\"name\":\"#RomansWineDanube Partnertal\u00e1lkoz\u00f3 &#8211; Ptuj\"}]},{\"@type\":\"WebSite\",\"@id\":\"https:\/\/romanswinedanube.hu\/#website\",\"url\":\"https:\/\/romanswinedanube.hu\/\",\"name\":\"Romanswinedanube.hu\",\"description\":\"R\u00f3mai fesztiv\u00e1l P\u00e9cs\",\"publisher\":{\"@id\":\"https:\/\/romanswinedanube.hu\/#organization\"},\"potentialAction\":[{\"@type\":\"SearchAction\",\"target\":{\"@type\":\"EntryPoint\",\"urlTemplate\":\"https:\/\/romanswinedanube.hu\/?s={search_term_string}\"},\"query-input\":{\"@type\":\"PropertyValueSpecification\",\"valueRequired\":true,\"valueName\":\"search_term_string\"}}],\"inLanguage\":\"en-GB\"},{\"@type\":\"Organization\",\"@id\":\"https:\/\/romanswinedanube.hu\/#organization\",\"name\":\"R\u00f3mai Fesztiv\u00e1l P\u00e9cs\",\"url\":\"https:\/\/romanswinedanube.hu\/\",\"logo\":{\"@type\":\"ImageObject\",\"inLanguage\":\"en-GB\",\"@id\":\"https:\/\/romanswinedanube.hu\/#\/schema\/logo\/image\/\",\"url\":\"https:\/\/romanswinedanube.hu\/wp-content\/uploads\/2025\/07\/cropped-0_Logo_Route-1.png\",\"contentUrl\":\"https:\/\/romanswinedanube.hu\/wp-content\/uploads\/2025\/07\/cropped-0_Logo_Route-1.png\",\"width\":1121,\"height\":1271,\"caption\":\"R\u00f3mai Fesztiv\u00e1l P\u00e9cs\"},\"image\":{\"@id\":\"https:\/\/romanswinedanube.hu\/#\/schema\/logo\/image\/\"},\"sameAs\":[\"https:\/\/www.facebook.com\/romaifesztival\"]},{\"@type\":\"Person\",\"@id\":\"https:\/\/romanswinedanube.hu\/#\/schema\/person\/35d67c9270d9ca54191c8483d59b1d24\",\"name\":\"mananga.eniko@gmail.com\",\"image\":{\"@type\":\"ImageObject\",\"inLanguage\":\"en-GB\",\"@id\":\"https:\/\/romanswinedanube.hu\/#\/schema\/person\/image\/\",\"url\":\"https:\/\/secure.gravatar.com\/avatar\/d5c763449464e756c837a1040985304ecd3fa666f1259d11429682c1c5bbb68e?s=96&d=mm&r=g\",\"contentUrl\":\"https:\/\/secure.gravatar.com\/avatar\/d5c763449464e756c837a1040985304ecd3fa666f1259d11429682c1c5bbb68e?s=96&d=mm&r=g\",\"caption\":\"mananga.eniko@gmail.com\"},\"url\":\"https:\/\/romanswinedanube.hu\/en\/author\/mananga-enikogmail-com\/\"}]}<\/script>\n<!-- \/ Yoast SEO Premium plugin. -->","yoast_head_json":{"title":"#RomansWineDanube Partnertal\u00e1lkoz\u00f3 - Ptuj - Romanswinedanube.hu","robots":{"index":"index","follow":"follow","max-snippet":"max-snippet:-1","max-image-preview":"max-image-preview:large","max-video-preview":"max-video-preview:-1"},"canonical":"https:\/\/romanswinedanube.hu\/en\/romanswinedanube-partnertalalkozo-ptuj\/","og_locale":"en_GB","og_type":"article","og_title":"#RomansWineDanube Partnertal\u00e1lkoz\u00f3 - Ptuj","og_description":"A 4. #RomansWineDanube partnertal\u00e1lkoz\u00f3ra 2025. okt\u00f3ber 15\u201316-\u00e1n ker\u00fclt sor a szlov\u00e9niai Ptujban \u2013 az orsz\u00e1g legr\u00e9gebbi v\u00e1ros\u00e1ban \u00e9s az \u00fatvonal egyik leggazdagabb t\u00f6rt\u00e9nelmi meg\u00e1ll\u00f3hely\u00e9n. A Bistra Ptuj Tudom\u00e1nyos Kutat\u00f3k\u00f6zpont \u00e1ltal&hellip;","og_url":"https:\/\/romanswinedanube.hu\/en\/romanswinedanube-partnertalalkozo-ptuj\/","og_site_name":"Romanswinedanube.hu","article_publisher":"https:\/\/www.facebook.com\/romaifesztival","article_published_time":"2026-03-20T17:58:21+00:00","article_modified_time":"2026-03-20T17:58:23+00:00","author":"mananga.eniko@gmail.com","twitter_card":"summary_large_image","twitter_misc":{"Written by":"mananga.eniko@gmail.com","Estimated reading time":"2 minutes"},"schema":{"@context":"https:\/\/schema.org","@graph":[{"@type":"Article","@id":"https:\/\/romanswinedanube.hu\/romanswinedanube-partnertalalkozo-ptuj\/#article","isPartOf":{"@id":"https:\/\/romanswinedanube.hu\/romanswinedanube-partnertalalkozo-ptuj\/"},"author":{"name":"mananga.eniko@gmail.com","@id":"https:\/\/romanswinedanube.hu\/#\/schema\/person\/35d67c9270d9ca54191c8483d59b1d24"},"headline":"#RomansWineDanube Partnertal\u00e1lkoz\u00f3 &#8211; Ptuj","datePublished":"2026-03-20T17:58:21+00:00","dateModified":"2026-03-20T17:58:23+00:00","mainEntityOfPage":{"@id":"https:\/\/romanswinedanube.hu\/romanswinedanube-partnertalalkozo-ptuj\/"},"wordCount":605,"commentCount":0,"publisher":{"@id":"https:\/\/romanswinedanube.hu\/#organization"},"keywords":["szakmai"],"articleSection":["blog"],"inLanguage":"en-GB","potentialAction":[{"@type":"CommentAction","name":"Comment","target":["https:\/\/romanswinedanube.hu\/romanswinedanube-partnertalalkozo-ptuj\/#respond"]}]},{"@type":"WebPage","@id":"https:\/\/romanswinedanube.hu\/romanswinedanube-partnertalalkozo-ptuj\/","url":"https:\/\/romanswinedanube.hu\/romanswinedanube-partnertalalkozo-ptuj\/","name":"#RomansWineDanube Partnertal\u00e1lkoz\u00f3 - Ptuj - Romanswinedanube.hu","isPartOf":{"@id":"https:\/\/romanswinedanube.hu\/#website"},"datePublished":"2026-03-20T17:58:21+00:00","dateModified":"2026-03-20T17:58:23+00:00","breadcrumb":{"@id":"https:\/\/romanswinedanube.hu\/romanswinedanube-partnertalalkozo-ptuj\/#breadcrumb"},"inLanguage":"en-GB","potentialAction":[{"@type":"ReadAction","target":["https:\/\/romanswinedanube.hu\/romanswinedanube-partnertalalkozo-ptuj\/"]}]},{"@type":"BreadcrumbList","@id":"https:\/\/romanswinedanube.hu\/romanswinedanube-partnertalalkozo-ptuj\/#breadcrumb","itemListElement":[{"@type":"ListItem","position":1,"name":"Kezd\u0151lap","item":"https:\/\/romanswinedanube.hu\/"},{"@type":"ListItem","position":2,"name":"#RomansWineDanube Partnertal\u00e1lkoz\u00f3 &#8211; Ptuj"}]},{"@type":"WebSite","@id":"https:\/\/romanswinedanube.hu\/#website","url":"https:\/\/romanswinedanube.hu\/","name":"Romanswinedanube.hu","description":"Roman Festival P\u00e9cs","publisher":{"@id":"https:\/\/romanswinedanube.hu\/#organization"},"potentialAction":[{"@type":"SearchAction","target":{"@type":"EntryPoint","urlTemplate":"https:\/\/romanswinedanube.hu\/?s={search_term_string}"},"query-input":{"@type":"PropertyValueSpecification","valueRequired":true,"valueName":"search_term_string"}}],"inLanguage":"en-GB"},{"@type":"Organization","@id":"https:\/\/romanswinedanube.hu\/#organization","name":"Roman Festival P\u00e9cs","url":"https:\/\/romanswinedanube.hu\/","logo":{"@type":"ImageObject","inLanguage":"en-GB","@id":"https:\/\/romanswinedanube.hu\/#\/schema\/logo\/image\/","url":"https:\/\/romanswinedanube.hu\/wp-content\/uploads\/2025\/07\/cropped-0_Logo_Route-1.png","contentUrl":"https:\/\/romanswinedanube.hu\/wp-content\/uploads\/2025\/07\/cropped-0_Logo_Route-1.png","width":1121,"height":1271,"caption":"R\u00f3mai Fesztiv\u00e1l P\u00e9cs"},"image":{"@id":"https:\/\/romanswinedanube.hu\/#\/schema\/logo\/image\/"},"sameAs":["https:\/\/www.facebook.com\/romaifesztival"]},{"@type":"Person","@id":"https:\/\/romanswinedanube.hu\/#\/schema\/person\/35d67c9270d9ca54191c8483d59b1d24","name":"mananga.eniko@gmail.com","image":{"@type":"ImageObject","inLanguage":"en-GB","@id":"https:\/\/romanswinedanube.hu\/#\/schema\/person\/image\/","url":"https:\/\/secure.gravatar.com\/avatar\/d5c763449464e756c837a1040985304ecd3fa666f1259d11429682c1c5bbb68e?s=96&d=mm&r=g","contentUrl":"https:\/\/secure.gravatar.com\/avatar\/d5c763449464e756c837a1040985304ecd3fa666f1259d11429682c1c5bbb68e?s=96&d=mm&r=g","caption":"mananga.eniko@gmail.com"},"url":"https:\/\/romanswinedanube.hu\/en\/author\/mananga-enikogmail-com\/"}]}},"_links":{"self":[{"href":"https:\/\/romanswinedanube.hu\/en\/wp-json\/wp\/v2\/posts\/21104","targetHints":{"allow":["GET"]}}],"collection":[{"href":"https:\/\/romanswinedanube.hu\/en\/wp-json\/wp\/v2\/posts"}],"about":[{"href":"https:\/\/romanswinedanube.hu\/en\/wp-json\/wp\/v2\/types\/post"}],"author":[{"embeddable":true,"href":"https:\/\/romanswinedanube.hu\/en\/wp-json\/wp\/v2\/users\/2"}],"replies":[{"embeddable":true,"href":"https:\/\/romanswinedanube.hu\/en\/wp-json\/wp\/v2\/comments?post=21104"}],"version-history":[{"count":0,"href":"https:\/\/romanswinedanube.hu\/en\/wp-json\/wp\/v2\/posts\/21104\/revisions"}],"wp:attachment":[{"href":"https:\/\/romanswinedanube.hu\/en\/wp-json\/wp\/v2\/media?parent=21104"}],"wp:term":[{"taxonomy":"category","embeddable":true,"href":"https:\/\/romanswinedanube.hu\/en\/wp-json\/wp\/v2\/categories?post=21104"},{"taxonomy":"post_tag","embeddable":true,"href":"https:\/\/romanswinedanube.hu\/en\/wp-json\/wp\/v2\/tags?post=21104"}],"curies":[{"name":"wp","href":"https:\/\/api.w.org\/{rel}","templated":true}]}}