{"id":21106,"date":"2026-03-20T18:10:19","date_gmt":"2026-03-20T18:10:19","guid":{"rendered":"https:\/\/romanswinedanube.hu\/?p=21106"},"modified":"2026-03-20T18:10:21","modified_gmt":"2026-03-20T18:10:21","slug":"sopianae-ujra-eled-idoutazas-pecsen","status":"publish","type":"post","link":"https:\/\/romanswinedanube.hu\/en\/sopianae-ujra-eled-idoutazas-pecsen\/","title":{"rendered":"Sopianae \u00fajra \u00e9led! Id\u0151utaz\u00e1s P\u00e9csen"},"content":{"rendered":"<ol start=\"2025\" class=\"wp-block-list\">\n<li>augusztus 29\u201330-\u00e1n P\u00e9cs t\u00f6rt\u00e9nelmi belv\u00e1rosa adott otthont a R\u00f3mai Fesztiv\u00e1lnak. A k\u00e9tnapos rendezv\u00e9ny el\u0151ad\u00e1sokkal, jelenetek rekonstru\u00e1l\u00e1s\u00e1val \u00e9s kultur\u00e1lis programokkal t\u00f6lt\u00f6tte meg a Szent Istv\u00e1n teret \u00e9s a k\u00f6zeli \u00f6r\u00f6ks\u00e9gi helysz\u00edneket, amelyek \u00e9letre keltett\u00e9k az \u0151si hagyom\u00e1nyokat a mai k\u00f6z\u00f6ns\u00e9g sz\u00e1m\u00e1ra.<\/li>\n<\/ol>\n\n\n\n<p>A fesztiv\u00e1l p\u00e9ntek este ny\u00edlt meg az \u00d3kereszt\u00e9ny Mauz\u00f3leumban a v\u00e1ros \u00e9s a kultur\u00e1lis vezet\u0151k besz\u00e9deivel. A Naiades Danubianae t\u00e1nccsoport a r\u00f3mai mitol\u00f3gia ihlette koreogr\u00e1fi\u00e1ival ragadta mag\u00e1val a t\u00f6meget, majd az \u201eSenki\u201d c\u00edm\u0171, felt\u0171n\u0151 moralit\u00e1sj\u00e1t\u00e9k k\u00f6vetkezett, amely k\u00f6z\u00e9pkori, \u00f3kori \u00e9s modern sz\u00f6vegeket \u00f6tv\u00f6z az \u00e9let \u00e9rt\u00e9keire reflekt\u00e1lva. Ahogy lesz\u00e1llt az est, jelmezes r\u00f3mai felvonul\u00e1s kanyargott v\u00e9gig a v\u00e1ros utc\u00e1in, sz\u00e1mos t\u00f6rt\u00e9nelmi csoport k\u00eds\u00e9ret\u00e9ben. Az est f\u00e9nyinstall\u00e1ci\u00f3kkal z\u00e1rult az UNESCO Vil\u00e1g\u00f6r\u00f6ks\u00e9gi helysz\u00ednein.<\/p>\n\n\n\n<figure class=\"wp-block-image size-large\"><img fetchpriority=\"high\" decoding=\"async\" width=\"1024\" height=\"768\" src=\"https:\/\/romanswinedanube.hu\/wp-content\/uploads\/2022\/06\/A3-1024x768.jpeg\" alt=\"\" class=\"wp-image-21028\" srcset=\"https:\/\/romanswinedanube.hu\/wp-content\/uploads\/2022\/06\/A3-1024x768.jpeg 1024w, https:\/\/romanswinedanube.hu\/wp-content\/uploads\/2022\/06\/A3-300x225.jpeg 300w, https:\/\/romanswinedanube.hu\/wp-content\/uploads\/2022\/06\/A3-768x576.jpeg 768w, https:\/\/romanswinedanube.hu\/wp-content\/uploads\/2022\/06\/A3-1536x1152.jpeg 1536w, https:\/\/romanswinedanube.hu\/wp-content\/uploads\/2022\/06\/A3-16x12.jpeg 16w, https:\/\/romanswinedanube.hu\/wp-content\/uploads\/2022\/06\/A3-370x278.jpeg 370w, https:\/\/romanswinedanube.hu\/wp-content\/uploads\/2022\/06\/A3-840x630.jpeg 840w, https:\/\/romanswinedanube.hu\/wp-content\/uploads\/2022\/06\/A3-410x308.jpeg 410w, https:\/\/romanswinedanube.hu\/wp-content\/uploads\/2022\/06\/A3.jpeg 1544w\" sizes=\"(max-width: 1024px) 100vw, 1024px\" \/><\/figure>\n\n\n\n<p><br>A szombati program par\u00e1d\u00e9val kezd\u0151d\u00f6tt: Traianus cs\u00e1sz\u00e1r \u00e9s Hadrianus korm\u00e1nyz\u00f3 teljes \u00fcnneps\u00e9gben l\u00e9pett be a t\u00e9rre, ahol legion\u00e1riusok \u00e9s papok fogadt\u00e1k \u0151ket, akik \u00e1ldozati, megtisztul\u00e1si \u00e9s esk\u00fct\u00e9teli ritu\u00e1l\u00e9kat vezettek.<\/p>\n\n\n\n<figure class=\"wp-block-image size-large\"><img decoding=\"async\" width=\"1024\" height=\"818\" src=\"https:\/\/romanswinedanube.hu\/wp-content\/uploads\/2025\/07\/att.yKhAIon4Wy0-duHL3wHdfM-7VX5oi036w2bGHBCtFfw-e1755806802680-1024x818.jpeg\" alt=\"\" class=\"wp-image-21020\" srcset=\"https:\/\/romanswinedanube.hu\/wp-content\/uploads\/2025\/07\/att.yKhAIon4Wy0-duHL3wHdfM-7VX5oi036w2bGHBCtFfw-e1755806802680-1024x818.jpeg 1024w, https:\/\/romanswinedanube.hu\/wp-content\/uploads\/2025\/07\/att.yKhAIon4Wy0-duHL3wHdfM-7VX5oi036w2bGHBCtFfw-e1755806802680-300x240.jpeg 300w, https:\/\/romanswinedanube.hu\/wp-content\/uploads\/2025\/07\/att.yKhAIon4Wy0-duHL3wHdfM-7VX5oi036w2bGHBCtFfw-e1755806802680-768x613.jpeg 768w, https:\/\/romanswinedanube.hu\/wp-content\/uploads\/2025\/07\/att.yKhAIon4Wy0-duHL3wHdfM-7VX5oi036w2bGHBCtFfw-e1755806802680-15x12.jpeg 15w, https:\/\/romanswinedanube.hu\/wp-content\/uploads\/2025\/07\/att.yKhAIon4Wy0-duHL3wHdfM-7VX5oi036w2bGHBCtFfw-e1755806802680-370x295.jpeg 370w, https:\/\/romanswinedanube.hu\/wp-content\/uploads\/2025\/07\/att.yKhAIon4Wy0-duHL3wHdfM-7VX5oi036w2bGHBCtFfw-e1755806802680-840x671.jpeg 840w, https:\/\/romanswinedanube.hu\/wp-content\/uploads\/2025\/07\/att.yKhAIon4Wy0-duHL3wHdfM-7VX5oi036w2bGHBCtFfw-e1755806802680-410x327.jpeg 410w, https:\/\/romanswinedanube.hu\/wp-content\/uploads\/2025\/07\/att.yKhAIon4Wy0-duHL3wHdfM-7VX5oi036w2bGHBCtFfw-e1755806802680.jpeg 1365w\" sizes=\"(max-width: 1024px) 100vw, 1024px\" \/><\/figure>\n\n\n\n<p>A l\u00e1togat\u00f3k csatlakozhattak a \u201eLudus Funebris\u201d-hez a Cella Septichor\u00e1ban, ahol sz\u00edn\u00e9szek eleven\u00edtett\u00e9k fel az \u00f3kori temetkez\u00e9si szok\u00e1sokat a hangulatos s\u00edrokban. A Naiades t\u00e1ncosai a \u201eBor \u00fatj\u00e1t\u201d id\u00e9z\u0151 \u200b\u200bsorozattal t\u00e9rtek vissza, a sz\u00fcrett\u0151l a bacchan\u00e1li\u00e1kig.<\/p>\n\n\n\n<figure class=\"wp-block-image size-full is-resized\"><img decoding=\"async\" width=\"2560\" height=\"1707\" src=\"https:\/\/romanswinedanube.hu\/wp-content\/uploads\/2025\/08\/diszmuhely-scaled.jpg\" alt=\"\" class=\"wp-image-20880\" style=\"width:840px;height:auto\" srcset=\"https:\/\/romanswinedanube.hu\/wp-content\/uploads\/2025\/08\/diszmuhely-scaled.jpg 2560w, https:\/\/romanswinedanube.hu\/wp-content\/uploads\/2025\/08\/diszmuhely-300x200.jpg 300w, https:\/\/romanswinedanube.hu\/wp-content\/uploads\/2025\/08\/diszmuhely-1024x683.jpg 1024w, https:\/\/romanswinedanube.hu\/wp-content\/uploads\/2025\/08\/diszmuhely-768x512.jpg 768w, https:\/\/romanswinedanube.hu\/wp-content\/uploads\/2025\/08\/diszmuhely-1536x1024.jpg 1536w, https:\/\/romanswinedanube.hu\/wp-content\/uploads\/2025\/08\/diszmuhely-2048x1365.jpg 2048w, https:\/\/romanswinedanube.hu\/wp-content\/uploads\/2025\/08\/diszmuhely-18x12.jpg 18w, https:\/\/romanswinedanube.hu\/wp-content\/uploads\/2025\/08\/diszmuhely-370x247.jpg 370w, https:\/\/romanswinedanube.hu\/wp-content\/uploads\/2025\/08\/diszmuhely-840x560.jpg 840w, https:\/\/romanswinedanube.hu\/wp-content\/uploads\/2025\/08\/diszmuhely-410x273.jpg 410w\" sizes=\"(max-width: 2560px) 100vw, 2560px\" \/><\/figure>\n\n\n\n<p>A Civil K\u00f6z\u00f6ss\u00e9gek H\u00e1z\u00e1ban, a Macellumban, P\u00e9cs \u00f3kori r\u00f3mai piacter\u00e9n szint\u00e9n \u00e9l\u00e9nk programnak adtak otthont: bemutat\u00f3k, workshopok \u00e9s interakt\u00edv foglalkoz\u00e1sok mutatt\u00e1k be a l\u00e1togat\u00f3knak a r\u00f3mai mindennapokat, a k\u00e9zm\u0171vess\u00e9gt\u0151l a kereskedelemig, visszhangozva a v\u00e1ros kereskedelmi k\u00f6zpontj\u00e1nak ny\u00fczsg\u0151 hangulat\u00e1t.<\/p>","protected":false},"excerpt":{"rendered":"<p>A fesztiv\u00e1l p\u00e9ntek este ny\u00edlt meg az \u00d3kereszt\u00e9ny Mauz\u00f3leumban a v\u00e1ros \u00e9s a kultur\u00e1lis vezet\u0151k besz\u00e9deivel. A Naiades Danubianae t\u00e1nccsoport a r\u00f3mai mitol\u00f3gia ihlette koreogr\u00e1fi\u00e1ival ragadta mag\u00e1val a t\u00f6meget, majd&hellip;<\/p>","protected":false},"author":2,"featured_media":0,"comment_status":"open","ping_status":"open","sticky":false,"template":"","format":"standard","meta":{"footnotes":""},"categories":[214],"tags":[154,169,166,160,168,215,162],"class_list":["post-21106","post","type-post","status-publish","format-standard","hentry","category-blog","tag-csaladi-program","tag-gyerekeknek","tag-hagyomanyorzes","tag-kezmuves-foglalkozas","tag-szinhaz","tag-tanc","tag-zene"],"yoast_head":"<!-- This site is optimized with the Yoast SEO Premium plugin v25.4 (Yoast SEO v25.6) - https:\/\/yoast.com\/wordpress\/plugins\/seo\/ -->\n<title>Sopianae \u00fajra \u00e9led! Id\u0151utaz\u00e1s P\u00e9csen - Romanswinedanube.hu<\/title>\n<meta name=\"robots\" content=\"index, follow, max-snippet:-1, max-image-preview:large, max-video-preview:-1\" \/>\n<link rel=\"canonical\" href=\"https:\/\/romanswinedanube.hu\/en\/sopianae-ujra-eled-idoutazas-pecsen\/\" \/>\n<meta property=\"og:locale\" content=\"en_GB\" \/>\n<meta property=\"og:type\" content=\"article\" \/>\n<meta property=\"og:title\" content=\"Sopianae \u00fajra \u00e9led! Id\u0151utaz\u00e1s P\u00e9csen\" \/>\n<meta property=\"og:description\" content=\"A fesztiv\u00e1l p\u00e9ntek este ny\u00edlt meg az \u00d3kereszt\u00e9ny Mauz\u00f3leumban a v\u00e1ros \u00e9s a kultur\u00e1lis vezet\u0151k besz\u00e9deivel. A Naiades Danubianae t\u00e1nccsoport a r\u00f3mai mitol\u00f3gia ihlette koreogr\u00e1fi\u00e1ival ragadta mag\u00e1val a t\u00f6meget, majd&hellip;\" \/>\n<meta property=\"og:url\" content=\"https:\/\/romanswinedanube.hu\/en\/sopianae-ujra-eled-idoutazas-pecsen\/\" \/>\n<meta property=\"og:site_name\" content=\"Romanswinedanube.hu\" \/>\n<meta property=\"article:publisher\" content=\"https:\/\/www.facebook.com\/romaifesztival\" \/>\n<meta property=\"article:published_time\" content=\"2026-03-20T18:10:19+00:00\" \/>\n<meta property=\"article:modified_time\" content=\"2026-03-20T18:10:21+00:00\" \/>\n<meta property=\"og:image\" content=\"https:\/\/romanswinedanube.hu\/wp-content\/uploads\/2022\/06\/A3.jpeg\" \/>\n\t<meta property=\"og:image:width\" content=\"1544\" \/>\n\t<meta property=\"og:image:height\" content=\"1158\" \/>\n\t<meta property=\"og:image:type\" content=\"image\/jpeg\" \/>\n<meta name=\"author\" content=\"mananga.eniko@gmail.com\" \/>\n<meta name=\"twitter:card\" content=\"summary_large_image\" \/>\n<meta name=\"twitter:label1\" content=\"Written by\" \/>\n\t<meta name=\"twitter:data1\" content=\"mananga.eniko@gmail.com\" \/>\n\t<meta name=\"twitter:label2\" content=\"Estimated reading time\" \/>\n\t<meta name=\"twitter:data2\" content=\"2 minutes\" \/>\n<script type=\"application\/ld+json\" class=\"yoast-schema-graph\">{\"@context\":\"https:\/\/schema.org\",\"@graph\":[{\"@type\":\"Article\",\"@id\":\"https:\/\/romanswinedanube.hu\/sopianae-ujra-eled-idoutazas-pecsen\/#article\",\"isPartOf\":{\"@id\":\"https:\/\/romanswinedanube.hu\/sopianae-ujra-eled-idoutazas-pecsen\/\"},\"author\":{\"name\":\"mananga.eniko@gmail.com\",\"@id\":\"https:\/\/romanswinedanube.hu\/#\/schema\/person\/35d67c9270d9ca54191c8483d59b1d24\"},\"headline\":\"Sopianae \u00fajra \u00e9led! Id\u0151utaz\u00e1s P\u00e9csen\",\"datePublished\":\"2026-03-20T18:10:19+00:00\",\"dateModified\":\"2026-03-20T18:10:21+00:00\",\"mainEntityOfPage\":{\"@id\":\"https:\/\/romanswinedanube.hu\/sopianae-ujra-eled-idoutazas-pecsen\/\"},\"wordCount\":360,\"commentCount\":0,\"publisher\":{\"@id\":\"https:\/\/romanswinedanube.hu\/#organization\"},\"image\":{\"@id\":\"https:\/\/romanswinedanube.hu\/sopianae-ujra-eled-idoutazas-pecsen\/#primaryimage\"},\"thumbnailUrl\":\"https:\/\/romanswinedanube.hu\/wp-content\/uploads\/2022\/06\/A3-1024x768.jpeg\",\"keywords\":[\"csal\u00e1di program\",\"gyerekeknek\",\"hagyom\u00e1ny\u0151rz\u00e9s\",\"k\u00e9zm\u0171ves foglalkoz\u00e1s\",\"sz\u00ednh\u00e1z\",\"t\u00e1nc\",\"zene\"],\"articleSection\":[\"blog\"],\"inLanguage\":\"en-GB\",\"potentialAction\":[{\"@type\":\"CommentAction\",\"name\":\"Comment\",\"target\":[\"https:\/\/romanswinedanube.hu\/sopianae-ujra-eled-idoutazas-pecsen\/#respond\"]}]},{\"@type\":\"WebPage\",\"@id\":\"https:\/\/romanswinedanube.hu\/sopianae-ujra-eled-idoutazas-pecsen\/\",\"url\":\"https:\/\/romanswinedanube.hu\/sopianae-ujra-eled-idoutazas-pecsen\/\",\"name\":\"Sopianae \u00fajra \u00e9led! Id\u0151utaz\u00e1s P\u00e9csen - Romanswinedanube.hu\",\"isPartOf\":{\"@id\":\"https:\/\/romanswinedanube.hu\/#website\"},\"primaryImageOfPage\":{\"@id\":\"https:\/\/romanswinedanube.hu\/sopianae-ujra-eled-idoutazas-pecsen\/#primaryimage\"},\"image\":{\"@id\":\"https:\/\/romanswinedanube.hu\/sopianae-ujra-eled-idoutazas-pecsen\/#primaryimage\"},\"thumbnailUrl\":\"https:\/\/romanswinedanube.hu\/wp-content\/uploads\/2022\/06\/A3-1024x768.jpeg\",\"datePublished\":\"2026-03-20T18:10:19+00:00\",\"dateModified\":\"2026-03-20T18:10:21+00:00\",\"breadcrumb\":{\"@id\":\"https:\/\/romanswinedanube.hu\/sopianae-ujra-eled-idoutazas-pecsen\/#breadcrumb\"},\"inLanguage\":\"en-GB\",\"potentialAction\":[{\"@type\":\"ReadAction\",\"target\":[\"https:\/\/romanswinedanube.hu\/sopianae-ujra-eled-idoutazas-pecsen\/\"]}]},{\"@type\":\"ImageObject\",\"inLanguage\":\"en-GB\",\"@id\":\"https:\/\/romanswinedanube.hu\/sopianae-ujra-eled-idoutazas-pecsen\/#primaryimage\",\"url\":\"https:\/\/romanswinedanube.hu\/wp-content\/uploads\/2022\/06\/A3-1024x768.jpeg\",\"contentUrl\":\"https:\/\/romanswinedanube.hu\/wp-content\/uploads\/2022\/06\/A3-1024x768.jpeg\"},{\"@type\":\"BreadcrumbList\",\"@id\":\"https:\/\/romanswinedanube.hu\/sopianae-ujra-eled-idoutazas-pecsen\/#breadcrumb\",\"itemListElement\":[{\"@type\":\"ListItem\",\"position\":1,\"name\":\"Kezd\u0151lap\",\"item\":\"https:\/\/romanswinedanube.hu\/\"},{\"@type\":\"ListItem\",\"position\":2,\"name\":\"Sopianae \u00fajra \u00e9led! Id\u0151utaz\u00e1s P\u00e9csen\"}]},{\"@type\":\"WebSite\",\"@id\":\"https:\/\/romanswinedanube.hu\/#website\",\"url\":\"https:\/\/romanswinedanube.hu\/\",\"name\":\"Romanswinedanube.hu\",\"description\":\"R\u00f3mai fesztiv\u00e1l P\u00e9cs\",\"publisher\":{\"@id\":\"https:\/\/romanswinedanube.hu\/#organization\"},\"potentialAction\":[{\"@type\":\"SearchAction\",\"target\":{\"@type\":\"EntryPoint\",\"urlTemplate\":\"https:\/\/romanswinedanube.hu\/?s={search_term_string}\"},\"query-input\":{\"@type\":\"PropertyValueSpecification\",\"valueRequired\":true,\"valueName\":\"search_term_string\"}}],\"inLanguage\":\"en-GB\"},{\"@type\":\"Organization\",\"@id\":\"https:\/\/romanswinedanube.hu\/#organization\",\"name\":\"R\u00f3mai Fesztiv\u00e1l P\u00e9cs\",\"url\":\"https:\/\/romanswinedanube.hu\/\",\"logo\":{\"@type\":\"ImageObject\",\"inLanguage\":\"en-GB\",\"@id\":\"https:\/\/romanswinedanube.hu\/#\/schema\/logo\/image\/\",\"url\":\"https:\/\/romanswinedanube.hu\/wp-content\/uploads\/2025\/07\/cropped-0_Logo_Route-1.png\",\"contentUrl\":\"https:\/\/romanswinedanube.hu\/wp-content\/uploads\/2025\/07\/cropped-0_Logo_Route-1.png\",\"width\":1121,\"height\":1271,\"caption\":\"R\u00f3mai Fesztiv\u00e1l P\u00e9cs\"},\"image\":{\"@id\":\"https:\/\/romanswinedanube.hu\/#\/schema\/logo\/image\/\"},\"sameAs\":[\"https:\/\/www.facebook.com\/romaifesztival\"]},{\"@type\":\"Person\",\"@id\":\"https:\/\/romanswinedanube.hu\/#\/schema\/person\/35d67c9270d9ca54191c8483d59b1d24\",\"name\":\"mananga.eniko@gmail.com\",\"image\":{\"@type\":\"ImageObject\",\"inLanguage\":\"en-GB\",\"@id\":\"https:\/\/romanswinedanube.hu\/#\/schema\/person\/image\/\",\"url\":\"https:\/\/secure.gravatar.com\/avatar\/d5c763449464e756c837a1040985304ecd3fa666f1259d11429682c1c5bbb68e?s=96&d=mm&r=g\",\"contentUrl\":\"https:\/\/secure.gravatar.com\/avatar\/d5c763449464e756c837a1040985304ecd3fa666f1259d11429682c1c5bbb68e?s=96&d=mm&r=g\",\"caption\":\"mananga.eniko@gmail.com\"},\"url\":\"https:\/\/romanswinedanube.hu\/en\/author\/mananga-enikogmail-com\/\"}]}<\/script>\n<!-- \/ Yoast SEO Premium plugin. -->","yoast_head_json":{"title":"Sopianae \u00fajra \u00e9led! Id\u0151utaz\u00e1s P\u00e9csen - Romanswinedanube.hu","robots":{"index":"index","follow":"follow","max-snippet":"max-snippet:-1","max-image-preview":"max-image-preview:large","max-video-preview":"max-video-preview:-1"},"canonical":"https:\/\/romanswinedanube.hu\/en\/sopianae-ujra-eled-idoutazas-pecsen\/","og_locale":"en_GB","og_type":"article","og_title":"Sopianae \u00fajra \u00e9led! Id\u0151utaz\u00e1s P\u00e9csen","og_description":"A fesztiv\u00e1l p\u00e9ntek este ny\u00edlt meg az \u00d3kereszt\u00e9ny Mauz\u00f3leumban a v\u00e1ros \u00e9s a kultur\u00e1lis vezet\u0151k besz\u00e9deivel. A Naiades Danubianae t\u00e1nccsoport a r\u00f3mai mitol\u00f3gia ihlette koreogr\u00e1fi\u00e1ival ragadta mag\u00e1val a t\u00f6meget, majd&hellip;","og_url":"https:\/\/romanswinedanube.hu\/en\/sopianae-ujra-eled-idoutazas-pecsen\/","og_site_name":"Romanswinedanube.hu","article_publisher":"https:\/\/www.facebook.com\/romaifesztival","article_published_time":"2026-03-20T18:10:19+00:00","article_modified_time":"2026-03-20T18:10:21+00:00","og_image":[{"width":1544,"height":1158,"url":"https:\/\/romanswinedanube.hu\/wp-content\/uploads\/2022\/06\/A3.jpeg","type":"image\/jpeg"}],"author":"mananga.eniko@gmail.com","twitter_card":"summary_large_image","twitter_misc":{"Written by":"mananga.eniko@gmail.com","Estimated reading time":"2 minutes"},"schema":{"@context":"https:\/\/schema.org","@graph":[{"@type":"Article","@id":"https:\/\/romanswinedanube.hu\/sopianae-ujra-eled-idoutazas-pecsen\/#article","isPartOf":{"@id":"https:\/\/romanswinedanube.hu\/sopianae-ujra-eled-idoutazas-pecsen\/"},"author":{"name":"mananga.eniko@gmail.com","@id":"https:\/\/romanswinedanube.hu\/#\/schema\/person\/35d67c9270d9ca54191c8483d59b1d24"},"headline":"Sopianae \u00fajra \u00e9led! Id\u0151utaz\u00e1s P\u00e9csen","datePublished":"2026-03-20T18:10:19+00:00","dateModified":"2026-03-20T18:10:21+00:00","mainEntityOfPage":{"@id":"https:\/\/romanswinedanube.hu\/sopianae-ujra-eled-idoutazas-pecsen\/"},"wordCount":360,"commentCount":0,"publisher":{"@id":"https:\/\/romanswinedanube.hu\/#organization"},"image":{"@id":"https:\/\/romanswinedanube.hu\/sopianae-ujra-eled-idoutazas-pecsen\/#primaryimage"},"thumbnailUrl":"https:\/\/romanswinedanube.hu\/wp-content\/uploads\/2022\/06\/A3-1024x768.jpeg","keywords":["csal\u00e1di program","gyerekeknek","hagyom\u00e1ny\u0151rz\u00e9s","k\u00e9zm\u0171ves foglalkoz\u00e1s","sz\u00ednh\u00e1z","t\u00e1nc","zene"],"articleSection":["blog"],"inLanguage":"en-GB","potentialAction":[{"@type":"CommentAction","name":"Comment","target":["https:\/\/romanswinedanube.hu\/sopianae-ujra-eled-idoutazas-pecsen\/#respond"]}]},{"@type":"WebPage","@id":"https:\/\/romanswinedanube.hu\/sopianae-ujra-eled-idoutazas-pecsen\/","url":"https:\/\/romanswinedanube.hu\/sopianae-ujra-eled-idoutazas-pecsen\/","name":"Sopianae \u00fajra \u00e9led! Id\u0151utaz\u00e1s P\u00e9csen - Romanswinedanube.hu","isPartOf":{"@id":"https:\/\/romanswinedanube.hu\/#website"},"primaryImageOfPage":{"@id":"https:\/\/romanswinedanube.hu\/sopianae-ujra-eled-idoutazas-pecsen\/#primaryimage"},"image":{"@id":"https:\/\/romanswinedanube.hu\/sopianae-ujra-eled-idoutazas-pecsen\/#primaryimage"},"thumbnailUrl":"https:\/\/romanswinedanube.hu\/wp-content\/uploads\/2022\/06\/A3-1024x768.jpeg","datePublished":"2026-03-20T18:10:19+00:00","dateModified":"2026-03-20T18:10:21+00:00","breadcrumb":{"@id":"https:\/\/romanswinedanube.hu\/sopianae-ujra-eled-idoutazas-pecsen\/#breadcrumb"},"inLanguage":"en-GB","potentialAction":[{"@type":"ReadAction","target":["https:\/\/romanswinedanube.hu\/sopianae-ujra-eled-idoutazas-pecsen\/"]}]},{"@type":"ImageObject","inLanguage":"en-GB","@id":"https:\/\/romanswinedanube.hu\/sopianae-ujra-eled-idoutazas-pecsen\/#primaryimage","url":"https:\/\/romanswinedanube.hu\/wp-content\/uploads\/2022\/06\/A3-1024x768.jpeg","contentUrl":"https:\/\/romanswinedanube.hu\/wp-content\/uploads\/2022\/06\/A3-1024x768.jpeg"},{"@type":"BreadcrumbList","@id":"https:\/\/romanswinedanube.hu\/sopianae-ujra-eled-idoutazas-pecsen\/#breadcrumb","itemListElement":[{"@type":"ListItem","position":1,"name":"Kezd\u0151lap","item":"https:\/\/romanswinedanube.hu\/"},{"@type":"ListItem","position":2,"name":"Sopianae \u00fajra \u00e9led! Id\u0151utaz\u00e1s P\u00e9csen"}]},{"@type":"WebSite","@id":"https:\/\/romanswinedanube.hu\/#website","url":"https:\/\/romanswinedanube.hu\/","name":"Romanswinedanube.hu","description":"Roman Festival P\u00e9cs","publisher":{"@id":"https:\/\/romanswinedanube.hu\/#organization"},"potentialAction":[{"@type":"SearchAction","target":{"@type":"EntryPoint","urlTemplate":"https:\/\/romanswinedanube.hu\/?s={search_term_string}"},"query-input":{"@type":"PropertyValueSpecification","valueRequired":true,"valueName":"search_term_string"}}],"inLanguage":"en-GB"},{"@type":"Organization","@id":"https:\/\/romanswinedanube.hu\/#organization","name":"Roman Festival P\u00e9cs","url":"https:\/\/romanswinedanube.hu\/","logo":{"@type":"ImageObject","inLanguage":"en-GB","@id":"https:\/\/romanswinedanube.hu\/#\/schema\/logo\/image\/","url":"https:\/\/romanswinedanube.hu\/wp-content\/uploads\/2025\/07\/cropped-0_Logo_Route-1.png","contentUrl":"https:\/\/romanswinedanube.hu\/wp-content\/uploads\/2025\/07\/cropped-0_Logo_Route-1.png","width":1121,"height":1271,"caption":"R\u00f3mai Fesztiv\u00e1l P\u00e9cs"},"image":{"@id":"https:\/\/romanswinedanube.hu\/#\/schema\/logo\/image\/"},"sameAs":["https:\/\/www.facebook.com\/romaifesztival"]},{"@type":"Person","@id":"https:\/\/romanswinedanube.hu\/#\/schema\/person\/35d67c9270d9ca54191c8483d59b1d24","name":"mananga.eniko@gmail.com","image":{"@type":"ImageObject","inLanguage":"en-GB","@id":"https:\/\/romanswinedanube.hu\/#\/schema\/person\/image\/","url":"https:\/\/secure.gravatar.com\/avatar\/d5c763449464e756c837a1040985304ecd3fa666f1259d11429682c1c5bbb68e?s=96&d=mm&r=g","contentUrl":"https:\/\/secure.gravatar.com\/avatar\/d5c763449464e756c837a1040985304ecd3fa666f1259d11429682c1c5bbb68e?s=96&d=mm&r=g","caption":"mananga.eniko@gmail.com"},"url":"https:\/\/romanswinedanube.hu\/en\/author\/mananga-enikogmail-com\/"}]}},"_links":{"self":[{"href":"https:\/\/romanswinedanube.hu\/en\/wp-json\/wp\/v2\/posts\/21106","targetHints":{"allow":["GET"]}}],"collection":[{"href":"https:\/\/romanswinedanube.hu\/en\/wp-json\/wp\/v2\/posts"}],"about":[{"href":"https:\/\/romanswinedanube.hu\/en\/wp-json\/wp\/v2\/types\/post"}],"author":[{"embeddable":true,"href":"https:\/\/romanswinedanube.hu\/en\/wp-json\/wp\/v2\/users\/2"}],"replies":[{"embeddable":true,"href":"https:\/\/romanswinedanube.hu\/en\/wp-json\/wp\/v2\/comments?post=21106"}],"version-history":[{"count":0,"href":"https:\/\/romanswinedanube.hu\/en\/wp-json\/wp\/v2\/posts\/21106\/revisions"}],"wp:attachment":[{"href":"https:\/\/romanswinedanube.hu\/en\/wp-json\/wp\/v2\/media?parent=21106"}],"wp:term":[{"taxonomy":"category","embeddable":true,"href":"https:\/\/romanswinedanube.hu\/en\/wp-json\/wp\/v2\/categories?post=21106"},{"taxonomy":"post_tag","embeddable":true,"href":"https:\/\/romanswinedanube.hu\/en\/wp-json\/wp\/v2\/tags?post=21106"}],"curies":[{"name":"wp","href":"https:\/\/api.w.org\/{rel}","templated":true}]}}