{"id":21109,"date":"2026-03-20T18:13:45","date_gmt":"2026-03-20T18:13:45","guid":{"rendered":"https:\/\/romanswinedanube.hu\/?p=21109"},"modified":"2026-03-20T18:13:47","modified_gmt":"2026-03-20T18:13:47","slug":"nagy-az-erdeklodes-az-alkotoi-felhivasunk-irant-bejelentettuk-a-kivalasztott-bloggereket","status":"publish","type":"post","link":"https:\/\/romanswinedanube.hu\/en\/nagy-az-erdeklodes-az-alkotoi-felhivasunk-irant-bejelentettuk-a-kivalasztott-bloggereket\/","title":{"rendered":"Nagy az \u00e9rdekl\u0151d\u00e9s az alkot\u00f3i felh\u00edv\u00e1sunk ir\u00e1nt: Bejelentett\u00fck a kiv\u00e1lasztott bloggereket"},"content":{"rendered":"<p>A #RomansWineDanube projekt \u00f6r\u00f6mmel mutatja be a bloggerek \u00e9s digit\u00e1lis alkot\u00f3k sz\u00e1m\u00e1ra ki\u00edrt ny\u00edlt p\u00e1ly\u00e1zat\u00e1nak eredm\u00e9nyeit, amelyet k\u00f6z\u00f6s digit\u00e1lis figyelemfelkelt\u0151 kamp\u00e1nyunk r\u00e9szek\u00e9nt ind\u00edtottunk.<\/p>\n\n\n\n<p>A felh\u00edv\u00e1s nagy \u00e9rdekl\u0151d\u00e9st v\u00e1ltott ki az alkot\u00f3i k\u00f6z\u00f6ss\u00e9gb\u0151l, t\u00f6bb mint 50 p\u00e1ly\u00e1zat \u00e9rkezett be bloggerekt\u0151l \u00e9s tartalomk\u00e9sz\u00edt\u0151kt\u0151l, akik \u00e9rdekl\u0151dnek a R\u00f3mai Cs\u00e1sz\u00e1rok \u00e9s a Duna Bor\u00fat fenntarthat\u00f3 utaz\u00e1si \u00e9lm\u00e9nyeken kereszt\u00fcli felfedez\u00e9se ir\u00e1nt.<\/p>\n\n\n\n<p>GONDOS KIV\u00c1LASZT\u00c1SI FOLYAMAT<\/p>\n\n\n\n<p>A magas sz\u00ednvonal\u00fa kiv\u00e1laszt\u00e1si folyamat biztos\u00edt\u00e1sa \u00e9rdek\u00e9ben a projektpartnerek k\u00fcls\u0151 szak\u00e9rt\u0151kkel egy\u00fctt, akik a turizmus, a kommunik\u00e1ci\u00f3 \u00e9s a digit\u00e1lis t\u00f6rt\u00e9netmes\u00e9l\u00e9s ter\u00fclet\u00e9n j\u00e1rtasak, \u00e1ttekintett\u00e9k a beny\u00fajtott p\u00e1ly\u00e1zatokat.<\/p>\n\n\n\n<p>A jel\u00f6lteket t\u00f6bb krit\u00e9rium alapj\u00e1n \u00e9rt\u00e9kelt\u00e9k, t\u00f6bbek k\u00f6z\u00f6tt a tartalmuk min\u0151s\u00e9ge, a k\u00f6z\u00f6ns\u00e9g relevanci\u00e1ja, a t\u00f6rt\u00e9netmes\u00e9l\u00e9si megk\u00f6zel\u00edt\u00e9s, a nyelvezet \u00e9s a projekt kultur\u00e1lis \u00f6r\u00f6ks\u00e9g n\u00e9pszer\u0171s\u00edt\u00e9s\u00e9vel \u00e9s a felel\u0151s turizmussal kapcsolatos \u00e9rt\u00e9keivel val\u00f3 \u00f6sszhang alapj\u00e1n.<\/p>\n\n\n\n<p>Egy rendk\u00edv\u00fcl versenyk\u00e9pes folyamatban 12 p\u00e1ly\u00e1z\u00f3 t\u0171nt ki alkot\u00f3k\u00e9nt, akik a R\u00f3mai Cs\u00e1sz\u00e1rok \u00e9s a Duna Bor\u00fat ig\u00e9nyeit \u00e9s j\u00f6v\u0151k\u00e9p\u00e9t el\u00e9g\u00edtett\u00e9k ki t\u00f6rt\u00e9netmes\u00e9l\u00e9s\u00fck min\u0151s\u00e9g\u00e9nek \u00e9s a kultur\u00e1lis utaz\u00e1si t\u00e9m\u00e1kkal val\u00f3 kapcsolatuknak k\u00f6sz\u00f6nhet\u0151en.<\/p>\n\n\n\n<p>These creators are:<\/p>\n\n\n\n<ol start=\"1\" class=\"wp-block-list\">\n<li><a href=\"http:\/\/www.creativelena.com\/\">Elena Paschinger <\/a>\u00a0<\/li>\n\n\n\n<li><a href=\"https:\/\/www.instagram.com\/marka_zvaka\/\">Marka \u017dvaka\u00a0 <\/a>\u00a0<\/li>\n\n\n\n<li><a href=\"https:\/\/www.instagram.com\/zivot_lutalice\/\">Bojana Matkovi\u0107<\/a> &amp; <a href=\"https:\/\/www.instagram.com\/brziputopis\/\">Nikola Brzak\u00a0<\/a><\/li>\n\n\n\n<li><a href=\"https:\/\/www.instagram.com\/thetraveltellers\/\">Travel Tellers<\/a>\u00a0<\/li>\n\n\n\n<li><a href=\"http:\/\/www.cityseacountry.com\/\">Christina Leutner\u00a0<\/a><\/li>\n\n\n\n<li><a href=\"https:\/\/rachelsruminations.com\/\">Rachel\u2019s Ruminations<\/a>\u00a0<\/li>\n\n\n\n<li><a href=\"https:\/\/www.arttrav.com\/\">Alexandra Korey<\/a>\u00a0<\/li>\n\n\n\n<li><a href=\"https:\/\/www.annapernice.com\/\">Anna Pernice\u00a0<\/a><\/li>\n\n\n\n<li><a href=\"https:\/\/www.instagram.com\/love_isintheairport\/\">Love is in the airport<\/a>\u00a0<\/li>\n\n\n\n<li><a href=\"https:\/\/www.instagram.com\/anaavlad\/\">Ana Vlad\u00a0<\/a><\/li>\n\n\n\n<li><a href=\"https:\/\/www.kissmybackpack.com\/\">Kiss my Backpack<\/a>\u00a0<\/li>\n\n\n\n<li><a href=\"https:\/\/checkinaway.com\/\">CheckinAway\u00a0<\/a><\/li>\n<\/ol>\n\n\n\n<p>KIV\u00c1LASZTOTT ALKOT\u00d3K<\/p>\n\n\n\n<p>Ebb\u0151l a sz\u0171k\u00edtett list\u00e1b\u00f3l \u00f6sszesen hat kreat\u00edv szem\u00e9lyt v\u00e1lasztanak ki (3, 2 bloggerb\u0151l \u00e1ll\u00f3 csapat), akik r\u00e9szt vesznek a projekt keret\u00e9ben kidolgozott h\u00e1rom z\u00f6ld utaz\u00e1si \u00fatvonal ment\u00e9n szervezett alkot\u00f3i utakon. A kiv\u00e1lasztott alkot\u00f3kkal a sz\u0171k\u00edtett lista k\u00f6zz\u00e9t\u00e9tel\u00e9t k\u00f6vet\u0151 napokban a h\u00e1zigazdak\u00e9nt (\u00fatvonaltervekk\u00e9nt) felvessz\u00fck a kapcsolatot.<\/p>\n\n\n\n<p>A #RomansWineDanube \u00fatvonal k\u00fcl\u00f6nb\u00f6z\u0151 szakaszain fognak utazni, megtapasztalva \u00e9s bemutatva az \u00fatvonal z\u00f6ld utaz\u00e1si \u00fatvonalait, mik\u00f6zben hiteles digit\u00e1lis tartalmat hoznak l\u00e9tre, amely kiemeli a r\u00e9gi\u00f3 egyed\u00fcl\u00e1ll\u00f3 r\u00f3mai \u00f6r\u00f6ks\u00e9g\u00e9t, bor\u00e1szati \u200b\u200bhagyom\u00e1nyait, helyi k\u00f6z\u00f6ss\u00e9geit \u00e9s fenntarthat\u00f3 mobilit\u00e1si megold\u00e1sait.<\/p>\n\n\n\n<p>EL\u0150RE TEKINT\u00c9S<\/p>\n\n\n\n<p>A k\u00f6zelg\u0151 utak sor\u00e1n az alkot\u00f3k a projektpartnerekkel \u00e9s a helyi \u00e9rdekelt felekkel k\u00f6z\u00f6sen felfedezik az \u00fatvonalakat, dokument\u00e1lj\u00e1k tapasztalataikat \u00e9s megosztj\u00e1k azokat k\u00f6z\u00f6ns\u00e9g\u00fckkel. T\u00f6rt\u00e9neteik \u00e9s megl\u00e1t\u00e1saik hozz\u00e1j\u00e1rulnak az \u00fatvonal ismerts\u00e9g\u00e9nek n\u00f6vel\u00e9s\u00e9hez, mik\u00f6zben seg\u00edtik a partners\u00e9get a kidolgozott turisztikai term\u00e9kek tov\u00e1bbi \u00e9rt\u00e9kel\u00e9s\u00e9ben \u00e9s finom\u00edt\u00e1s\u00e1ban.<\/p>\n\n\n\n<p>A projektcsapat szeretn\u00e9 megk\u00f6sz\u00f6nni minden p\u00e1ly\u00e1z\u00f3nak a #RomansWineDanube Bloggerek Felh\u00edv\u00e1sa ir\u00e1nti \u00e9rdekl\u0151d\u00e9s\u00fcket \u00e9s lelkesed\u00e9s\u00fcket. A min\u0151s\u00e9gi jelentkez\u00e9sek magas sz\u00e1ma egy\u00e9rtelm\u0171en mutatja a fenntarthat\u00f3 kultur\u00e1lis utaz\u00e1si \u00e9lm\u00e9nyek ir\u00e1nti n\u00f6vekv\u0151 \u00e9rdekl\u0151d\u00e9st a Duna r\u00e9gi\u00f3ban.<\/p>\n\n\n\n<p>K\u00f6vesd a #RomansWineDanube csatorn\u00e1kat, hogy k\u00f6vesd az alkot\u00f3k utaz\u00e1sait, \u00e9s \u00faj perspekt\u00edv\u00e1kat fedezz fel a r\u00f3mai cs\u00e1sz\u00e1rokkal \u00e9s a Duna bor\u00fattal kapcsolatban.<\/p>","protected":false},"excerpt":{"rendered":"<p>A #RomansWineDanube projekt \u00f6r\u00f6mmel mutatja be a bloggerek \u00e9s digit\u00e1lis alkot\u00f3k sz\u00e1m\u00e1ra ki\u00edrt ny\u00edlt p\u00e1ly\u00e1zat\u00e1nak eredm\u00e9nyeit, amelyet k\u00f6z\u00f6s digit\u00e1lis figyelemfelkelt\u0151 kamp\u00e1nyunk r\u00e9szek\u00e9nt ind\u00edtottunk. A felh\u00edv\u00e1s nagy \u00e9rdekl\u0151d\u00e9st v\u00e1ltott ki az&hellip;<\/p>","protected":false},"author":2,"featured_media":0,"comment_status":"open","ping_status":"open","sticky":false,"template":"","format":"standard","meta":{"footnotes":""},"categories":[214],"tags":[153,11],"class_list":["post-21109","post","type-post","status-publish","format-standard","hentry","category-blog","tag-hirek","tag-szakmai"],"yoast_head":"<!-- This site is optimized with the Yoast SEO Premium plugin v25.4 (Yoast SEO v25.6) - https:\/\/yoast.com\/wordpress\/plugins\/seo\/ -->\n<title>Nagy az \u00e9rdekl\u0151d\u00e9s az alkot\u00f3i felh\u00edv\u00e1sunk ir\u00e1nt: Bejelentett\u00fck a kiv\u00e1lasztott bloggereket - Romanswinedanube.hu<\/title>\n<meta name=\"robots\" content=\"index, follow, max-snippet:-1, max-image-preview:large, max-video-preview:-1\" \/>\n<link rel=\"canonical\" href=\"https:\/\/romanswinedanube.hu\/en\/nagy-az-erdeklodes-az-alkotoi-felhivasunk-irant-bejelentettuk-a-kivalasztott-bloggereket\/\" \/>\n<meta property=\"og:locale\" content=\"en_GB\" \/>\n<meta property=\"og:type\" content=\"article\" \/>\n<meta property=\"og:title\" content=\"Nagy az \u00e9rdekl\u0151d\u00e9s az alkot\u00f3i felh\u00edv\u00e1sunk ir\u00e1nt: Bejelentett\u00fck a kiv\u00e1lasztott bloggereket\" \/>\n<meta property=\"og:description\" content=\"A #RomansWineDanube projekt \u00f6r\u00f6mmel mutatja be a bloggerek \u00e9s digit\u00e1lis alkot\u00f3k sz\u00e1m\u00e1ra ki\u00edrt ny\u00edlt p\u00e1ly\u00e1zat\u00e1nak eredm\u00e9nyeit, amelyet k\u00f6z\u00f6s digit\u00e1lis figyelemfelkelt\u0151 kamp\u00e1nyunk r\u00e9szek\u00e9nt ind\u00edtottunk. A felh\u00edv\u00e1s nagy \u00e9rdekl\u0151d\u00e9st v\u00e1ltott ki az&hellip;\" \/>\n<meta property=\"og:url\" content=\"https:\/\/romanswinedanube.hu\/en\/nagy-az-erdeklodes-az-alkotoi-felhivasunk-irant-bejelentettuk-a-kivalasztott-bloggereket\/\" \/>\n<meta property=\"og:site_name\" content=\"Romanswinedanube.hu\" \/>\n<meta property=\"article:publisher\" content=\"https:\/\/www.facebook.com\/romaifesztival\" \/>\n<meta property=\"article:published_time\" content=\"2026-03-20T18:13:45+00:00\" \/>\n<meta property=\"article:modified_time\" content=\"2026-03-20T18:13:47+00:00\" \/>\n<meta name=\"author\" content=\"mananga.eniko@gmail.com\" \/>\n<meta name=\"twitter:card\" content=\"summary_large_image\" \/>\n<meta name=\"twitter:label1\" content=\"Written by\" \/>\n\t<meta name=\"twitter:data1\" content=\"mananga.eniko@gmail.com\" \/>\n\t<meta name=\"twitter:label2\" content=\"Estimated reading time\" \/>\n\t<meta name=\"twitter:data2\" content=\"2 minutes\" \/>\n<script type=\"application\/ld+json\" class=\"yoast-schema-graph\">{\"@context\":\"https:\/\/schema.org\",\"@graph\":[{\"@type\":\"Article\",\"@id\":\"https:\/\/romanswinedanube.hu\/nagy-az-erdeklodes-az-alkotoi-felhivasunk-irant-bejelentettuk-a-kivalasztott-bloggereket\/#article\",\"isPartOf\":{\"@id\":\"https:\/\/romanswinedanube.hu\/nagy-az-erdeklodes-az-alkotoi-felhivasunk-irant-bejelentettuk-a-kivalasztott-bloggereket\/\"},\"author\":{\"name\":\"mananga.eniko@gmail.com\",\"@id\":\"https:\/\/romanswinedanube.hu\/#\/schema\/person\/35d67c9270d9ca54191c8483d59b1d24\"},\"headline\":\"Nagy az \u00e9rdekl\u0151d\u00e9s az alkot\u00f3i felh\u00edv\u00e1sunk ir\u00e1nt: Bejelentett\u00fck a kiv\u00e1lasztott bloggereket\",\"datePublished\":\"2026-03-20T18:13:45+00:00\",\"dateModified\":\"2026-03-20T18:13:47+00:00\",\"mainEntityOfPage\":{\"@id\":\"https:\/\/romanswinedanube.hu\/nagy-az-erdeklodes-az-alkotoi-felhivasunk-irant-bejelentettuk-a-kivalasztott-bloggereket\/\"},\"wordCount\":650,\"commentCount\":0,\"publisher\":{\"@id\":\"https:\/\/romanswinedanube.hu\/#organization\"},\"keywords\":[\"h\u00edrek\",\"szakmai\"],\"articleSection\":[\"blog\"],\"inLanguage\":\"en-GB\",\"potentialAction\":[{\"@type\":\"CommentAction\",\"name\":\"Comment\",\"target\":[\"https:\/\/romanswinedanube.hu\/nagy-az-erdeklodes-az-alkotoi-felhivasunk-irant-bejelentettuk-a-kivalasztott-bloggereket\/#respond\"]}]},{\"@type\":\"WebPage\",\"@id\":\"https:\/\/romanswinedanube.hu\/nagy-az-erdeklodes-az-alkotoi-felhivasunk-irant-bejelentettuk-a-kivalasztott-bloggereket\/\",\"url\":\"https:\/\/romanswinedanube.hu\/nagy-az-erdeklodes-az-alkotoi-felhivasunk-irant-bejelentettuk-a-kivalasztott-bloggereket\/\",\"name\":\"Nagy az \u00e9rdekl\u0151d\u00e9s az alkot\u00f3i felh\u00edv\u00e1sunk ir\u00e1nt: Bejelentett\u00fck a kiv\u00e1lasztott bloggereket - Romanswinedanube.hu\",\"isPartOf\":{\"@id\":\"https:\/\/romanswinedanube.hu\/#website\"},\"datePublished\":\"2026-03-20T18:13:45+00:00\",\"dateModified\":\"2026-03-20T18:13:47+00:00\",\"breadcrumb\":{\"@id\":\"https:\/\/romanswinedanube.hu\/nagy-az-erdeklodes-az-alkotoi-felhivasunk-irant-bejelentettuk-a-kivalasztott-bloggereket\/#breadcrumb\"},\"inLanguage\":\"en-GB\",\"potentialAction\":[{\"@type\":\"ReadAction\",\"target\":[\"https:\/\/romanswinedanube.hu\/nagy-az-erdeklodes-az-alkotoi-felhivasunk-irant-bejelentettuk-a-kivalasztott-bloggereket\/\"]}]},{\"@type\":\"BreadcrumbList\",\"@id\":\"https:\/\/romanswinedanube.hu\/nagy-az-erdeklodes-az-alkotoi-felhivasunk-irant-bejelentettuk-a-kivalasztott-bloggereket\/#breadcrumb\",\"itemListElement\":[{\"@type\":\"ListItem\",\"position\":1,\"name\":\"Kezd\u0151lap\",\"item\":\"https:\/\/romanswinedanube.hu\/\"},{\"@type\":\"ListItem\",\"position\":2,\"name\":\"Nagy az \u00e9rdekl\u0151d\u00e9s az alkot\u00f3i felh\u00edv\u00e1sunk ir\u00e1nt: Bejelentett\u00fck a kiv\u00e1lasztott bloggereket\"}]},{\"@type\":\"WebSite\",\"@id\":\"https:\/\/romanswinedanube.hu\/#website\",\"url\":\"https:\/\/romanswinedanube.hu\/\",\"name\":\"Romanswinedanube.hu\",\"description\":\"R\u00f3mai fesztiv\u00e1l P\u00e9cs\",\"publisher\":{\"@id\":\"https:\/\/romanswinedanube.hu\/#organization\"},\"potentialAction\":[{\"@type\":\"SearchAction\",\"target\":{\"@type\":\"EntryPoint\",\"urlTemplate\":\"https:\/\/romanswinedanube.hu\/?s={search_term_string}\"},\"query-input\":{\"@type\":\"PropertyValueSpecification\",\"valueRequired\":true,\"valueName\":\"search_term_string\"}}],\"inLanguage\":\"en-GB\"},{\"@type\":\"Organization\",\"@id\":\"https:\/\/romanswinedanube.hu\/#organization\",\"name\":\"R\u00f3mai Fesztiv\u00e1l P\u00e9cs\",\"url\":\"https:\/\/romanswinedanube.hu\/\",\"logo\":{\"@type\":\"ImageObject\",\"inLanguage\":\"en-GB\",\"@id\":\"https:\/\/romanswinedanube.hu\/#\/schema\/logo\/image\/\",\"url\":\"https:\/\/romanswinedanube.hu\/wp-content\/uploads\/2025\/07\/cropped-0_Logo_Route-1.png\",\"contentUrl\":\"https:\/\/romanswinedanube.hu\/wp-content\/uploads\/2025\/07\/cropped-0_Logo_Route-1.png\",\"width\":1121,\"height\":1271,\"caption\":\"R\u00f3mai Fesztiv\u00e1l P\u00e9cs\"},\"image\":{\"@id\":\"https:\/\/romanswinedanube.hu\/#\/schema\/logo\/image\/\"},\"sameAs\":[\"https:\/\/www.facebook.com\/romaifesztival\"]},{\"@type\":\"Person\",\"@id\":\"https:\/\/romanswinedanube.hu\/#\/schema\/person\/35d67c9270d9ca54191c8483d59b1d24\",\"name\":\"mananga.eniko@gmail.com\",\"image\":{\"@type\":\"ImageObject\",\"inLanguage\":\"en-GB\",\"@id\":\"https:\/\/romanswinedanube.hu\/#\/schema\/person\/image\/\",\"url\":\"https:\/\/secure.gravatar.com\/avatar\/d5c763449464e756c837a1040985304ecd3fa666f1259d11429682c1c5bbb68e?s=96&d=mm&r=g\",\"contentUrl\":\"https:\/\/secure.gravatar.com\/avatar\/d5c763449464e756c837a1040985304ecd3fa666f1259d11429682c1c5bbb68e?s=96&d=mm&r=g\",\"caption\":\"mananga.eniko@gmail.com\"},\"url\":\"https:\/\/romanswinedanube.hu\/en\/author\/mananga-enikogmail-com\/\"}]}<\/script>\n<!-- \/ Yoast SEO Premium plugin. -->","yoast_head_json":{"title":"Nagy az \u00e9rdekl\u0151d\u00e9s az alkot\u00f3i felh\u00edv\u00e1sunk ir\u00e1nt: Bejelentett\u00fck a kiv\u00e1lasztott bloggereket - Romanswinedanube.hu","robots":{"index":"index","follow":"follow","max-snippet":"max-snippet:-1","max-image-preview":"max-image-preview:large","max-video-preview":"max-video-preview:-1"},"canonical":"https:\/\/romanswinedanube.hu\/en\/nagy-az-erdeklodes-az-alkotoi-felhivasunk-irant-bejelentettuk-a-kivalasztott-bloggereket\/","og_locale":"en_GB","og_type":"article","og_title":"Nagy az \u00e9rdekl\u0151d\u00e9s az alkot\u00f3i felh\u00edv\u00e1sunk ir\u00e1nt: Bejelentett\u00fck a kiv\u00e1lasztott bloggereket","og_description":"A #RomansWineDanube projekt \u00f6r\u00f6mmel mutatja be a bloggerek \u00e9s digit\u00e1lis alkot\u00f3k sz\u00e1m\u00e1ra ki\u00edrt ny\u00edlt p\u00e1ly\u00e1zat\u00e1nak eredm\u00e9nyeit, amelyet k\u00f6z\u00f6s digit\u00e1lis figyelemfelkelt\u0151 kamp\u00e1nyunk r\u00e9szek\u00e9nt ind\u00edtottunk. A felh\u00edv\u00e1s nagy \u00e9rdekl\u0151d\u00e9st v\u00e1ltott ki az&hellip;","og_url":"https:\/\/romanswinedanube.hu\/en\/nagy-az-erdeklodes-az-alkotoi-felhivasunk-irant-bejelentettuk-a-kivalasztott-bloggereket\/","og_site_name":"Romanswinedanube.hu","article_publisher":"https:\/\/www.facebook.com\/romaifesztival","article_published_time":"2026-03-20T18:13:45+00:00","article_modified_time":"2026-03-20T18:13:47+00:00","author":"mananga.eniko@gmail.com","twitter_card":"summary_large_image","twitter_misc":{"Written by":"mananga.eniko@gmail.com","Estimated reading time":"2 minutes"},"schema":{"@context":"https:\/\/schema.org","@graph":[{"@type":"Article","@id":"https:\/\/romanswinedanube.hu\/nagy-az-erdeklodes-az-alkotoi-felhivasunk-irant-bejelentettuk-a-kivalasztott-bloggereket\/#article","isPartOf":{"@id":"https:\/\/romanswinedanube.hu\/nagy-az-erdeklodes-az-alkotoi-felhivasunk-irant-bejelentettuk-a-kivalasztott-bloggereket\/"},"author":{"name":"mananga.eniko@gmail.com","@id":"https:\/\/romanswinedanube.hu\/#\/schema\/person\/35d67c9270d9ca54191c8483d59b1d24"},"headline":"Nagy az \u00e9rdekl\u0151d\u00e9s az alkot\u00f3i felh\u00edv\u00e1sunk ir\u00e1nt: Bejelentett\u00fck a kiv\u00e1lasztott bloggereket","datePublished":"2026-03-20T18:13:45+00:00","dateModified":"2026-03-20T18:13:47+00:00","mainEntityOfPage":{"@id":"https:\/\/romanswinedanube.hu\/nagy-az-erdeklodes-az-alkotoi-felhivasunk-irant-bejelentettuk-a-kivalasztott-bloggereket\/"},"wordCount":650,"commentCount":0,"publisher":{"@id":"https:\/\/romanswinedanube.hu\/#organization"},"keywords":["h\u00edrek","szakmai"],"articleSection":["blog"],"inLanguage":"en-GB","potentialAction":[{"@type":"CommentAction","name":"Comment","target":["https:\/\/romanswinedanube.hu\/nagy-az-erdeklodes-az-alkotoi-felhivasunk-irant-bejelentettuk-a-kivalasztott-bloggereket\/#respond"]}]},{"@type":"WebPage","@id":"https:\/\/romanswinedanube.hu\/nagy-az-erdeklodes-az-alkotoi-felhivasunk-irant-bejelentettuk-a-kivalasztott-bloggereket\/","url":"https:\/\/romanswinedanube.hu\/nagy-az-erdeklodes-az-alkotoi-felhivasunk-irant-bejelentettuk-a-kivalasztott-bloggereket\/","name":"Nagy az \u00e9rdekl\u0151d\u00e9s az alkot\u00f3i felh\u00edv\u00e1sunk ir\u00e1nt: Bejelentett\u00fck a kiv\u00e1lasztott bloggereket - Romanswinedanube.hu","isPartOf":{"@id":"https:\/\/romanswinedanube.hu\/#website"},"datePublished":"2026-03-20T18:13:45+00:00","dateModified":"2026-03-20T18:13:47+00:00","breadcrumb":{"@id":"https:\/\/romanswinedanube.hu\/nagy-az-erdeklodes-az-alkotoi-felhivasunk-irant-bejelentettuk-a-kivalasztott-bloggereket\/#breadcrumb"},"inLanguage":"en-GB","potentialAction":[{"@type":"ReadAction","target":["https:\/\/romanswinedanube.hu\/nagy-az-erdeklodes-az-alkotoi-felhivasunk-irant-bejelentettuk-a-kivalasztott-bloggereket\/"]}]},{"@type":"BreadcrumbList","@id":"https:\/\/romanswinedanube.hu\/nagy-az-erdeklodes-az-alkotoi-felhivasunk-irant-bejelentettuk-a-kivalasztott-bloggereket\/#breadcrumb","itemListElement":[{"@type":"ListItem","position":1,"name":"Kezd\u0151lap","item":"https:\/\/romanswinedanube.hu\/"},{"@type":"ListItem","position":2,"name":"Nagy az \u00e9rdekl\u0151d\u00e9s az alkot\u00f3i felh\u00edv\u00e1sunk ir\u00e1nt: Bejelentett\u00fck a kiv\u00e1lasztott bloggereket"}]},{"@type":"WebSite","@id":"https:\/\/romanswinedanube.hu\/#website","url":"https:\/\/romanswinedanube.hu\/","name":"Romanswinedanube.hu","description":"Roman Festival P\u00e9cs","publisher":{"@id":"https:\/\/romanswinedanube.hu\/#organization"},"potentialAction":[{"@type":"SearchAction","target":{"@type":"EntryPoint","urlTemplate":"https:\/\/romanswinedanube.hu\/?s={search_term_string}"},"query-input":{"@type":"PropertyValueSpecification","valueRequired":true,"valueName":"search_term_string"}}],"inLanguage":"en-GB"},{"@type":"Organization","@id":"https:\/\/romanswinedanube.hu\/#organization","name":"Roman Festival P\u00e9cs","url":"https:\/\/romanswinedanube.hu\/","logo":{"@type":"ImageObject","inLanguage":"en-GB","@id":"https:\/\/romanswinedanube.hu\/#\/schema\/logo\/image\/","url":"https:\/\/romanswinedanube.hu\/wp-content\/uploads\/2025\/07\/cropped-0_Logo_Route-1.png","contentUrl":"https:\/\/romanswinedanube.hu\/wp-content\/uploads\/2025\/07\/cropped-0_Logo_Route-1.png","width":1121,"height":1271,"caption":"R\u00f3mai Fesztiv\u00e1l P\u00e9cs"},"image":{"@id":"https:\/\/romanswinedanube.hu\/#\/schema\/logo\/image\/"},"sameAs":["https:\/\/www.facebook.com\/romaifesztival"]},{"@type":"Person","@id":"https:\/\/romanswinedanube.hu\/#\/schema\/person\/35d67c9270d9ca54191c8483d59b1d24","name":"mananga.eniko@gmail.com","image":{"@type":"ImageObject","inLanguage":"en-GB","@id":"https:\/\/romanswinedanube.hu\/#\/schema\/person\/image\/","url":"https:\/\/secure.gravatar.com\/avatar\/d5c763449464e756c837a1040985304ecd3fa666f1259d11429682c1c5bbb68e?s=96&d=mm&r=g","contentUrl":"https:\/\/secure.gravatar.com\/avatar\/d5c763449464e756c837a1040985304ecd3fa666f1259d11429682c1c5bbb68e?s=96&d=mm&r=g","caption":"mananga.eniko@gmail.com"},"url":"https:\/\/romanswinedanube.hu\/en\/author\/mananga-enikogmail-com\/"}]}},"_links":{"self":[{"href":"https:\/\/romanswinedanube.hu\/en\/wp-json\/wp\/v2\/posts\/21109","targetHints":{"allow":["GET"]}}],"collection":[{"href":"https:\/\/romanswinedanube.hu\/en\/wp-json\/wp\/v2\/posts"}],"about":[{"href":"https:\/\/romanswinedanube.hu\/en\/wp-json\/wp\/v2\/types\/post"}],"author":[{"embeddable":true,"href":"https:\/\/romanswinedanube.hu\/en\/wp-json\/wp\/v2\/users\/2"}],"replies":[{"embeddable":true,"href":"https:\/\/romanswinedanube.hu\/en\/wp-json\/wp\/v2\/comments?post=21109"}],"version-history":[{"count":0,"href":"https:\/\/romanswinedanube.hu\/en\/wp-json\/wp\/v2\/posts\/21109\/revisions"}],"wp:attachment":[{"href":"https:\/\/romanswinedanube.hu\/en\/wp-json\/wp\/v2\/media?parent=21109"}],"wp:term":[{"taxonomy":"category","embeddable":true,"href":"https:\/\/romanswinedanube.hu\/en\/wp-json\/wp\/v2\/categories?post=21109"},{"taxonomy":"post_tag","embeddable":true,"href":"https:\/\/romanswinedanube.hu\/en\/wp-json\/wp\/v2\/tags?post=21109"}],"curies":[{"name":"wp","href":"https:\/\/api.w.org\/{rel}","templated":true}]}}