{"id":2599,"date":"2025-07-14T11:27:09","date_gmt":"2025-07-14T11:27:09","guid":{"rendered":"https:\/\/romanswinedanube.hu\/?p=2599"},"modified":"2025-07-30T08:50:48","modified_gmt":"2025-07-30T08:50:48","slug":"romai-fesztival-pecs-sziveben","status":"publish","type":"post","link":"https:\/\/romanswinedanube.hu\/en\/romai-fesztival-pecs-sziveben\/","title":{"rendered":"Roman Festival in the heart of P\u00e9cs"},"content":{"rendered":"<h3 class=\"wp-block-heading\"><span class=\"trx_addons_dropcap trx_addons_dropcap_style_2\"><\/span><strong>Roman Festival - \"Sopianae - Back to life! \" <\/strong><\/h3>\n\n\n\n<p><strong>Two-day time travel to the heart of ancient P\u00e9cs<\/strong>n. <\/p>\n\n\n\n<p>This summer, the world of antiquity will come to life again in the historic city centre of P\u00e9cs: the <strong>Roman Festival - Sopianae - Revived<\/strong>! which takes visitors on an exciting journey through time to the heart of the Roman city.<\/p>\n\n\n\n<p>The two-day event aims to bring the built heritage, culture, religious diversity and everyday life of late Roman Sopianae - today's P\u00e9cs - closer to today's audience through interactive experiences, traditional programmes, theatre performances, gastronomic workshops and spectacular parades.<\/p>\n\n\n\n<h5 class=\"wp-block-heading\">Programmes:<\/h5>\n\n\n\n<p><\/p>\n\n\n\n<div style=\"height:20px\" aria-hidden=\"true\" class=\"wp-block-spacer\"><\/div>\n\n\n\n<figure class=\"wp-block-gallery alignwide has-nested-images columns-default is-cropped wp-block-gallery-1 is-layout-flex wp-block-gallery-is-layout-flex\">\n<figure class=\"wp-block-image size-full\"><img fetchpriority=\"high\" decoding=\"async\" width=\"426\" height=\"298\" data-id=\"20325\" src=\"https:\/\/romanswinedanube.hu\/wp-content\/uploads\/2025\/07\/hagyomany-kicsi.png\" alt=\"\" class=\"wp-image-20325\" srcset=\"https:\/\/romanswinedanube.hu\/wp-content\/uploads\/2025\/07\/hagyomany-kicsi.png 426w, https:\/\/romanswinedanube.hu\/wp-content\/uploads\/2025\/07\/hagyomany-kicsi-300x210.png 300w, https:\/\/romanswinedanube.hu\/wp-content\/uploads\/2025\/07\/hagyomany-kicsi-370x259.png 370w, https:\/\/romanswinedanube.hu\/wp-content\/uploads\/2025\/07\/hagyomany-kicsi-410x287.png 410w\" sizes=\"(max-width: 600px) 100vw, 426px\" \/><\/figure>\n\n\n\n<figure class=\"wp-block-image size-full\"><img decoding=\"async\" width=\"429\" height=\"297\" data-id=\"20324\" src=\"https:\/\/romanswinedanube.hu\/wp-content\/uploads\/2025\/07\/kezmuves-kicsi.png\" alt=\"\" class=\"wp-image-20324\" srcset=\"https:\/\/romanswinedanube.hu\/wp-content\/uploads\/2025\/07\/kezmuves-kicsi.png 429w, https:\/\/romanswinedanube.hu\/wp-content\/uploads\/2025\/07\/kezmuves-kicsi-300x208.png 300w, https:\/\/romanswinedanube.hu\/wp-content\/uploads\/2025\/07\/kezmuves-kicsi-370x256.png 370w, https:\/\/romanswinedanube.hu\/wp-content\/uploads\/2025\/07\/kezmuves-kicsi-410x284.png 410w\" sizes=\"(max-width: 600px) 100vw, 429px\" \/><\/figure>\n<\/figure>\n\n\n\n<div style=\"height:20px\" aria-hidden=\"true\" class=\"wp-block-spacer\"><\/div>\n\n\n\n<p>Programmes are free of charge, some events require registration. <\/p>\n\n\n\n<p>Details and application:<br>info@romanswinedanube.hu<br><\/p>\n\n\n\n<p>The Festival of the <strong>Zsolnay Heritage Management Nonprofit Ltd., the Sopianae Reviviscit <\/strong>and the<strong> Mediator Association <\/strong>in cooperation with the <strong><em>#RomansWineDanube - Marketing framework for sustainable cultural tourism development <\/em><\/strong>project.&nbsp;<\/p>\n\n\n\n<p>The project, co-funded by the European Union under the Interreg Danube Transnational Programme, is <strong>\"Roman Emperors and the Danube Wine Route\"<\/strong> The route crosses ten countries, bringing together 23 sites and 12 wine regions, which the 13 consortium partners aim to promote and develop over the 30 months of the project. This summer, the partners will organise Roman and wine festivals in 9 different locations and visit each other's events with Roman traditionalists and local wines.<\/p>\n\n\n\n<p>More information, press contact:<\/p>\n\n\n\n<p><strong>Daniel Poulet<\/strong><strong><br><\/strong><strong>Email: poulet.danielzsn.hu<\/strong><br><strong>Phone: +36 20 479 8566<\/strong><\/p>\n\n\n\n<p><strong>Kata Nagy<\/strong><strong><br><\/strong><strong>Email: nagy.kata@zsn.hu<\/strong><br><strong>Phone: +36 30 091 5943<\/strong><\/p>\n\n\n\n<p><br><strong>Website:<\/strong><a href=\"https:\/\/romanswinedanube.hu\/en\/\"> www.romanswinedanube.hu<\/a><\/p>\n\n\n<blockquote class=\"trx_addons_blockquote_style_1\">\n<p>A two-day time travel in the heart of the historic centre of P\u00e9cs.<\/p>\n<\/blockquote>\n\n\n<p><\/p>\n\n\n\n<h5 class=\"wp-block-heading\">Interactive adventure story for children - only at the Festival of Rome!<\/h5>\n\n\n\n<p>This summer, we're inviting the youngest explorers on a magical journey through time!<br>\"Aelia and the Ark of the Sun\" is a special adventure story that takes children through three exciting challenges at the World Heritage sites of P\u00e9cs. According to the story, Tenebrus, the spirit of darkness, has kidnapped the Sun and locked it in an iron chest - Aelia, the brave Roman girl, can only free it with the help of children!<\/p>\n\n\n\n<div style=\"height:20px\" aria-hidden=\"true\" class=\"wp-block-spacer\"><\/div>\n\n\n\n<figure class=\"wp-block-gallery alignwide has-nested-images columns-default is-cropped wp-block-gallery-2 is-layout-flex wp-block-gallery-is-layout-flex\">\n<figure class=\"wp-block-image size-full\"><img decoding=\"async\" width=\"800\" height=\"828\" data-id=\"20676\" src=\"https:\/\/romanswinedanube.hu\/wp-content\/uploads\/2022\/07\/csoportkep.png\" alt=\"\" class=\"wp-image-20676\" srcset=\"https:\/\/romanswinedanube.hu\/wp-content\/uploads\/2022\/07\/csoportkep.png 800w, https:\/\/romanswinedanube.hu\/wp-content\/uploads\/2022\/07\/csoportkep-290x300.png 290w, https:\/\/romanswinedanube.hu\/wp-content\/uploads\/2022\/07\/csoportkep-768x795.png 768w, https:\/\/romanswinedanube.hu\/wp-content\/uploads\/2022\/07\/csoportkep-370x383.png 370w, https:\/\/romanswinedanube.hu\/wp-content\/uploads\/2022\/07\/csoportkep-410x424.png 410w\" sizes=\"(max-width: 800px) 100vw, 800px\" \/><figcaption class=\"wp-element-caption\"><strong>Aelia the Potter's Daughter, Tenebrus the Spirit of Darkness, Solina the Goddess of the Sun<\/strong> \/ illustration - Jutka V\u00f6r\u00f6s artist <\/figcaption><\/figure>\n<\/figure>\n\n\n\n<p>The mission is interactive, taking you from location to location, with live actors, playful rehearsals and creative challenges. At the World Heritage sites, moderators will help the little adventurers to solve the puzzles and move the story forward.<\/p>\n\n\n\n<p>The adventure will be accompanied by the Sopianae Roman Walk app, where children can find the locations and download some of the tasks to enrich the experience.<\/p>\n\n\n\n<p>&nbsp;\"Aelia and the Ark of the Sun\" is not just a fairy tale - it's a real experience that children can actively experience while learning about the ancient world through play.<\/p>\n\n\n\n<p>Only at the Roman Festival, 29-30 August 2025, in the centre of P\u00e9cs!<br>Participation is free, but registration is required!<\/p>\n\n\n\n<p><\/p>","protected":false},"excerpt":{"rendered":"<p>Roman Festival - \"Sopianae - Back to life! \"<br \/>\nTwo-day time travel to the heart of ancient P\u00e9cs<br \/>\nP\u00e9cs t\u00f6rt\u00e9nelmi belv\u00e1ros\u00e1ban id\u00e9n ny\u00e1ron \u00fajra megelevenedik az \u00f3kor vil\u00e1ga: 2025. augusztus 29\u201330-\u00e1n ker\u00fcl megrendez\u00e9sre a R\u00f3mai Fesztiv\u00e1l \u2013 Sopianae &#8211; \u00dajra \u00e9led! amely izgalmas id\u0151utaz\u00e1sra invit\u00e1lja a l\u00e1togat\u00f3kat a r\u00f3mai kori v\u00e1ros k\u00f6zep\u00e9be.<\/p>","protected":false},"author":3,"featured_media":20432,"comment_status":"open","ping_status":"open","sticky":false,"template":"","format":"standard","meta":{"footnotes":""},"categories":[214],"tags":[154,153],"class_list":["post-2599","post","type-post","status-publish","format-standard","has-post-thumbnail","hentry","category-blog","tag-csaladi-program","tag-hirek"],"yoast_head":"<!-- This site is optimized with the Yoast SEO Premium plugin v25.4 (Yoast SEO v25.6) - https:\/\/yoast.com\/wordpress\/plugins\/seo\/ -->\n<title>R\u00f3mai Fesztiv\u00e1l P\u00e9cs sz\u00edv\u00e9ben - Romanswinedanube.hu<\/title>\n<meta name=\"robots\" content=\"index, follow, max-snippet:-1, max-image-preview:large, max-video-preview:-1\" \/>\n<link rel=\"canonical\" href=\"https:\/\/romanswinedanube.hu\/en\/romai-fesztival-pecs-sziveben\/\" \/>\n<meta property=\"og:locale\" content=\"en_GB\" \/>\n<meta property=\"og:type\" content=\"article\" \/>\n<meta property=\"og:title\" content=\"R\u00f3mai Fesztiv\u00e1l P\u00e9cs sz\u00edv\u00e9ben\" \/>\n<meta property=\"og:description\" content=\"R\u00f3mai Fesztiv\u00e1l \u2013 \u201eSopianae - \u00dajra \u00e9led! \u201d K\u00e9tnapos id\u0151utaz\u00e1s az \u00f3kori P\u00e9cs sz\u00edv\u00e9be P\u00e9cs t\u00f6rt\u00e9nelmi belv\u00e1ros\u00e1ban id\u00e9n ny\u00e1ron \u00fajra megelevenedik az \u00f3kor vil\u00e1ga: 2025. augusztus 29\u201330-\u00e1n ker\u00fcl megrendez\u00e9sre a R\u00f3mai Fesztiv\u00e1l \u2013 Sopianae - \u00dajra \u00e9led! amely izgalmas id\u0151utaz\u00e1sra invit\u00e1lja a l\u00e1togat\u00f3kat a r\u00f3mai kori v\u00e1ros k\u00f6zep\u00e9be.\" \/>\n<meta property=\"og:url\" content=\"https:\/\/romanswinedanube.hu\/en\/romai-fesztival-pecs-sziveben\/\" \/>\n<meta property=\"og:site_name\" content=\"Romanswinedanube.hu\" \/>\n<meta property=\"article:publisher\" content=\"https:\/\/www.facebook.com\/romaifesztival\" \/>\n<meta property=\"article:published_time\" content=\"2025-07-14T11:27:09+00:00\" \/>\n<meta property=\"article:modified_time\" content=\"2025-07-30T08:50:48+00:00\" \/>\n<meta property=\"og:image\" content=\"https:\/\/romanswinedanube.hu\/wp-content\/uploads\/2025\/07\/srev2-e1753736799286.jpg\" \/>\n\t<meta property=\"og:image:width\" content=\"870\" \/>\n\t<meta property=\"og:image:height\" content=\"580\" \/>\n\t<meta property=\"og:image:type\" content=\"image\/jpeg\" \/>\n<meta name=\"author\" content=\"romanswinedanube.hu\" \/>\n<meta name=\"twitter:card\" content=\"summary_large_image\" \/>\n<meta name=\"twitter:label1\" content=\"Written by\" \/>\n\t<meta name=\"twitter:data1\" content=\"romanswinedanube.hu\" \/>\n\t<meta name=\"twitter:label2\" content=\"Estimated reading time\" \/>\n\t<meta name=\"twitter:data2\" content=\"3 minutes\" \/>\n<script type=\"application\/ld+json\" class=\"yoast-schema-graph\">{\"@context\":\"https:\/\/schema.org\",\"@graph\":[{\"@type\":\"Article\",\"@id\":\"https:\/\/romanswinedanube.hu\/romai-fesztival-pecs-sziveben\/#article\",\"isPartOf\":{\"@id\":\"https:\/\/romanswinedanube.hu\/romai-fesztival-pecs-sziveben\/\"},\"author\":{\"name\":\"romanswinedanube.hu\",\"@id\":\"https:\/\/romanswinedanube.hu\/#\/schema\/person\/3e40e24676aef9d512d410544b125c84\"},\"headline\":\"R\u00f3mai Fesztiv\u00e1l P\u00e9cs sz\u00edv\u00e9ben\",\"datePublished\":\"2025-07-14T11:27:09+00:00\",\"dateModified\":\"2025-07-30T08:50:48+00:00\",\"mainEntityOfPage\":{\"@id\":\"https:\/\/romanswinedanube.hu\/romai-fesztival-pecs-sziveben\/\"},\"wordCount\":688,\"commentCount\":0,\"publisher\":{\"@id\":\"https:\/\/romanswinedanube.hu\/#organization\"},\"image\":{\"@id\":\"https:\/\/romanswinedanube.hu\/romai-fesztival-pecs-sziveben\/#primaryimage\"},\"thumbnailUrl\":\"https:\/\/romanswinedanube.hu\/wp-content\/uploads\/2025\/07\/srev2-e1753736799286.jpg\",\"keywords\":[\"csal\u00e1di program\",\"h\u00edrek\"],\"articleSection\":[\"blog\"],\"inLanguage\":\"en-GB\",\"potentialAction\":[{\"@type\":\"CommentAction\",\"name\":\"Comment\",\"target\":[\"https:\/\/romanswinedanube.hu\/romai-fesztival-pecs-sziveben\/#respond\"]}]},{\"@type\":\"WebPage\",\"@id\":\"https:\/\/romanswinedanube.hu\/romai-fesztival-pecs-sziveben\/\",\"url\":\"https:\/\/romanswinedanube.hu\/romai-fesztival-pecs-sziveben\/\",\"name\":\"R\u00f3mai Fesztiv\u00e1l P\u00e9cs sz\u00edv\u00e9ben - Romanswinedanube.hu\",\"isPartOf\":{\"@id\":\"https:\/\/romanswinedanube.hu\/#website\"},\"primaryImageOfPage\":{\"@id\":\"https:\/\/romanswinedanube.hu\/romai-fesztival-pecs-sziveben\/#primaryimage\"},\"image\":{\"@id\":\"https:\/\/romanswinedanube.hu\/romai-fesztival-pecs-sziveben\/#primaryimage\"},\"thumbnailUrl\":\"https:\/\/romanswinedanube.hu\/wp-content\/uploads\/2025\/07\/srev2-e1753736799286.jpg\",\"datePublished\":\"2025-07-14T11:27:09+00:00\",\"dateModified\":\"2025-07-30T08:50:48+00:00\",\"breadcrumb\":{\"@id\":\"https:\/\/romanswinedanube.hu\/romai-fesztival-pecs-sziveben\/#breadcrumb\"},\"inLanguage\":\"en-GB\",\"potentialAction\":[{\"@type\":\"ReadAction\",\"target\":[\"https:\/\/romanswinedanube.hu\/romai-fesztival-pecs-sziveben\/\"]}]},{\"@type\":\"ImageObject\",\"inLanguage\":\"en-GB\",\"@id\":\"https:\/\/romanswinedanube.hu\/romai-fesztival-pecs-sziveben\/#primaryimage\",\"url\":\"https:\/\/romanswinedanube.hu\/wp-content\/uploads\/2025\/07\/srev2-e1753736799286.jpg\",\"contentUrl\":\"https:\/\/romanswinedanube.hu\/wp-content\/uploads\/2025\/07\/srev2-e1753736799286.jpg\",\"width\":870,\"height\":580},{\"@type\":\"BreadcrumbList\",\"@id\":\"https:\/\/romanswinedanube.hu\/romai-fesztival-pecs-sziveben\/#breadcrumb\",\"itemListElement\":[{\"@type\":\"ListItem\",\"position\":1,\"name\":\"Kezd\u0151lap\",\"item\":\"https:\/\/romanswinedanube.hu\/\"},{\"@type\":\"ListItem\",\"position\":2,\"name\":\"R\u00f3mai Fesztiv\u00e1l P\u00e9cs sz\u00edv\u00e9ben\"}]},{\"@type\":\"WebSite\",\"@id\":\"https:\/\/romanswinedanube.hu\/#website\",\"url\":\"https:\/\/romanswinedanube.hu\/\",\"name\":\"Romanswinedanube.hu\",\"description\":\"R\u00f3mai fesztiv\u00e1l P\u00e9cs\",\"publisher\":{\"@id\":\"https:\/\/romanswinedanube.hu\/#organization\"},\"potentialAction\":[{\"@type\":\"SearchAction\",\"target\":{\"@type\":\"EntryPoint\",\"urlTemplate\":\"https:\/\/romanswinedanube.hu\/?s={search_term_string}\"},\"query-input\":{\"@type\":\"PropertyValueSpecification\",\"valueRequired\":true,\"valueName\":\"search_term_string\"}}],\"inLanguage\":\"en-GB\"},{\"@type\":\"Organization\",\"@id\":\"https:\/\/romanswinedanube.hu\/#organization\",\"name\":\"R\u00f3mai Fesztiv\u00e1l P\u00e9cs\",\"url\":\"https:\/\/romanswinedanube.hu\/\",\"logo\":{\"@type\":\"ImageObject\",\"inLanguage\":\"en-GB\",\"@id\":\"https:\/\/romanswinedanube.hu\/#\/schema\/logo\/image\/\",\"url\":\"https:\/\/romanswinedanube.hu\/wp-content\/uploads\/2025\/07\/cropped-0_Logo_Route-1.png\",\"contentUrl\":\"https:\/\/romanswinedanube.hu\/wp-content\/uploads\/2025\/07\/cropped-0_Logo_Route-1.png\",\"width\":1121,\"height\":1271,\"caption\":\"R\u00f3mai Fesztiv\u00e1l P\u00e9cs\"},\"image\":{\"@id\":\"https:\/\/romanswinedanube.hu\/#\/schema\/logo\/image\/\"},\"sameAs\":[\"https:\/\/www.facebook.com\/romaifesztival\"]},{\"@type\":\"Person\",\"@id\":\"https:\/\/romanswinedanube.hu\/#\/schema\/person\/3e40e24676aef9d512d410544b125c84\",\"name\":\"romanswinedanube.hu\",\"image\":{\"@type\":\"ImageObject\",\"inLanguage\":\"en-GB\",\"@id\":\"https:\/\/romanswinedanube.hu\/#\/schema\/person\/image\/\",\"url\":\"https:\/\/secure.gravatar.com\/avatar\/56a929b1f63762d7218d66df7313eb4c0a55b39d4b691e48b0df66b0436ddc23?s=96&d=mm&r=g\",\"contentUrl\":\"https:\/\/secure.gravatar.com\/avatar\/56a929b1f63762d7218d66df7313eb4c0a55b39d4b691e48b0df66b0436ddc23?s=96&d=mm&r=g\",\"caption\":\"romanswinedanube.hu\"},\"url\":\"https:\/\/romanswinedanube.hu\/en\/author\/romanswinedanube-hu\/\"}]}<\/script>\n<!-- \/ Yoast SEO Premium plugin. -->","yoast_head_json":{"title":"R\u00f3mai Fesztiv\u00e1l P\u00e9cs sz\u00edv\u00e9ben - Romanswinedanube.hu","robots":{"index":"index","follow":"follow","max-snippet":"max-snippet:-1","max-image-preview":"max-image-preview:large","max-video-preview":"max-video-preview:-1"},"canonical":"https:\/\/romanswinedanube.hu\/en\/romai-fesztival-pecs-sziveben\/","og_locale":"en_GB","og_type":"article","og_title":"R\u00f3mai Fesztiv\u00e1l P\u00e9cs sz\u00edv\u00e9ben","og_description":"R\u00f3mai Fesztiv\u00e1l \u2013 \u201eSopianae - \u00dajra \u00e9led! \u201d K\u00e9tnapos id\u0151utaz\u00e1s az \u00f3kori P\u00e9cs sz\u00edv\u00e9be P\u00e9cs t\u00f6rt\u00e9nelmi belv\u00e1ros\u00e1ban id\u00e9n ny\u00e1ron \u00fajra megelevenedik az \u00f3kor vil\u00e1ga: 2025. augusztus 29\u201330-\u00e1n ker\u00fcl megrendez\u00e9sre a R\u00f3mai Fesztiv\u00e1l \u2013 Sopianae - \u00dajra \u00e9led! amely izgalmas id\u0151utaz\u00e1sra invit\u00e1lja a l\u00e1togat\u00f3kat a r\u00f3mai kori v\u00e1ros k\u00f6zep\u00e9be.","og_url":"https:\/\/romanswinedanube.hu\/en\/romai-fesztival-pecs-sziveben\/","og_site_name":"Romanswinedanube.hu","article_publisher":"https:\/\/www.facebook.com\/romaifesztival","article_published_time":"2025-07-14T11:27:09+00:00","article_modified_time":"2025-07-30T08:50:48+00:00","og_image":[{"width":870,"height":580,"url":"https:\/\/romanswinedanube.hu\/wp-content\/uploads\/2025\/07\/srev2-e1753736799286.jpg","type":"image\/jpeg"}],"author":"romanswinedanube.hu","twitter_card":"summary_large_image","twitter_misc":{"Written by":"romanswinedanube.hu","Estimated reading time":"3 minutes"},"schema":{"@context":"https:\/\/schema.org","@graph":[{"@type":"Article","@id":"https:\/\/romanswinedanube.hu\/romai-fesztival-pecs-sziveben\/#article","isPartOf":{"@id":"https:\/\/romanswinedanube.hu\/romai-fesztival-pecs-sziveben\/"},"author":{"name":"romanswinedanube.hu","@id":"https:\/\/romanswinedanube.hu\/#\/schema\/person\/3e40e24676aef9d512d410544b125c84"},"headline":"R\u00f3mai Fesztiv\u00e1l P\u00e9cs sz\u00edv\u00e9ben","datePublished":"2025-07-14T11:27:09+00:00","dateModified":"2025-07-30T08:50:48+00:00","mainEntityOfPage":{"@id":"https:\/\/romanswinedanube.hu\/romai-fesztival-pecs-sziveben\/"},"wordCount":688,"commentCount":0,"publisher":{"@id":"https:\/\/romanswinedanube.hu\/#organization"},"image":{"@id":"https:\/\/romanswinedanube.hu\/romai-fesztival-pecs-sziveben\/#primaryimage"},"thumbnailUrl":"https:\/\/romanswinedanube.hu\/wp-content\/uploads\/2025\/07\/srev2-e1753736799286.jpg","keywords":["csal\u00e1di program","h\u00edrek"],"articleSection":["blog"],"inLanguage":"en-GB","potentialAction":[{"@type":"CommentAction","name":"Comment","target":["https:\/\/romanswinedanube.hu\/romai-fesztival-pecs-sziveben\/#respond"]}]},{"@type":"WebPage","@id":"https:\/\/romanswinedanube.hu\/romai-fesztival-pecs-sziveben\/","url":"https:\/\/romanswinedanube.hu\/romai-fesztival-pecs-sziveben\/","name":"R\u00f3mai Fesztiv\u00e1l P\u00e9cs sz\u00edv\u00e9ben - Romanswinedanube.hu","isPartOf":{"@id":"https:\/\/romanswinedanube.hu\/#website"},"primaryImageOfPage":{"@id":"https:\/\/romanswinedanube.hu\/romai-fesztival-pecs-sziveben\/#primaryimage"},"image":{"@id":"https:\/\/romanswinedanube.hu\/romai-fesztival-pecs-sziveben\/#primaryimage"},"thumbnailUrl":"https:\/\/romanswinedanube.hu\/wp-content\/uploads\/2025\/07\/srev2-e1753736799286.jpg","datePublished":"2025-07-14T11:27:09+00:00","dateModified":"2025-07-30T08:50:48+00:00","breadcrumb":{"@id":"https:\/\/romanswinedanube.hu\/romai-fesztival-pecs-sziveben\/#breadcrumb"},"inLanguage":"en-GB","potentialAction":[{"@type":"ReadAction","target":["https:\/\/romanswinedanube.hu\/romai-fesztival-pecs-sziveben\/"]}]},{"@type":"ImageObject","inLanguage":"en-GB","@id":"https:\/\/romanswinedanube.hu\/romai-fesztival-pecs-sziveben\/#primaryimage","url":"https:\/\/romanswinedanube.hu\/wp-content\/uploads\/2025\/07\/srev2-e1753736799286.jpg","contentUrl":"https:\/\/romanswinedanube.hu\/wp-content\/uploads\/2025\/07\/srev2-e1753736799286.jpg","width":870,"height":580},{"@type":"BreadcrumbList","@id":"https:\/\/romanswinedanube.hu\/romai-fesztival-pecs-sziveben\/#breadcrumb","itemListElement":[{"@type":"ListItem","position":1,"name":"Kezd\u0151lap","item":"https:\/\/romanswinedanube.hu\/"},{"@type":"ListItem","position":2,"name":"R\u00f3mai Fesztiv\u00e1l P\u00e9cs sz\u00edv\u00e9ben"}]},{"@type":"WebSite","@id":"https:\/\/romanswinedanube.hu\/#website","url":"https:\/\/romanswinedanube.hu\/","name":"Romanswinedanube.hu","description":"Roman Festival P\u00e9cs","publisher":{"@id":"https:\/\/romanswinedanube.hu\/#organization"},"potentialAction":[{"@type":"SearchAction","target":{"@type":"EntryPoint","urlTemplate":"https:\/\/romanswinedanube.hu\/?s={search_term_string}"},"query-input":{"@type":"PropertyValueSpecification","valueRequired":true,"valueName":"search_term_string"}}],"inLanguage":"en-GB"},{"@type":"Organization","@id":"https:\/\/romanswinedanube.hu\/#organization","name":"Roman Festival P\u00e9cs","url":"https:\/\/romanswinedanube.hu\/","logo":{"@type":"ImageObject","inLanguage":"en-GB","@id":"https:\/\/romanswinedanube.hu\/#\/schema\/logo\/image\/","url":"https:\/\/romanswinedanube.hu\/wp-content\/uploads\/2025\/07\/cropped-0_Logo_Route-1.png","contentUrl":"https:\/\/romanswinedanube.hu\/wp-content\/uploads\/2025\/07\/cropped-0_Logo_Route-1.png","width":1121,"height":1271,"caption":"R\u00f3mai Fesztiv\u00e1l P\u00e9cs"},"image":{"@id":"https:\/\/romanswinedanube.hu\/#\/schema\/logo\/image\/"},"sameAs":["https:\/\/www.facebook.com\/romaifesztival"]},{"@type":"Person","@id":"https:\/\/romanswinedanube.hu\/#\/schema\/person\/3e40e24676aef9d512d410544b125c84","name":"romanswinedanube.hu","image":{"@type":"ImageObject","inLanguage":"en-GB","@id":"https:\/\/romanswinedanube.hu\/#\/schema\/person\/image\/","url":"https:\/\/secure.gravatar.com\/avatar\/56a929b1f63762d7218d66df7313eb4c0a55b39d4b691e48b0df66b0436ddc23?s=96&d=mm&r=g","contentUrl":"https:\/\/secure.gravatar.com\/avatar\/56a929b1f63762d7218d66df7313eb4c0a55b39d4b691e48b0df66b0436ddc23?s=96&d=mm&r=g","caption":"romanswinedanube.hu"},"url":"https:\/\/romanswinedanube.hu\/en\/author\/romanswinedanube-hu\/"}]}},"_links":{"self":[{"href":"https:\/\/romanswinedanube.hu\/en\/wp-json\/wp\/v2\/posts\/2599","targetHints":{"allow":["GET"]}}],"collection":[{"href":"https:\/\/romanswinedanube.hu\/en\/wp-json\/wp\/v2\/posts"}],"about":[{"href":"https:\/\/romanswinedanube.hu\/en\/wp-json\/wp\/v2\/types\/post"}],"author":[{"embeddable":true,"href":"https:\/\/romanswinedanube.hu\/en\/wp-json\/wp\/v2\/users\/3"}],"replies":[{"embeddable":true,"href":"https:\/\/romanswinedanube.hu\/en\/wp-json\/wp\/v2\/comments?post=2599"}],"version-history":[{"count":0,"href":"https:\/\/romanswinedanube.hu\/en\/wp-json\/wp\/v2\/posts\/2599\/revisions"}],"wp:featuredmedia":[{"embeddable":true,"href":"https:\/\/romanswinedanube.hu\/en\/wp-json\/wp\/v2\/media\/20432"}],"wp:attachment":[{"href":"https:\/\/romanswinedanube.hu\/en\/wp-json\/wp\/v2\/media?parent=2599"}],"wp:term":[{"taxonomy":"category","embeddable":true,"href":"https:\/\/romanswinedanube.hu\/en\/wp-json\/wp\/v2\/categories?post=2599"},{"taxonomy":"post_tag","embeddable":true,"href":"https:\/\/romanswinedanube.hu\/en\/wp-json\/wp\/v2\/tags?post=2599"}],"curies":[{"name":"wp","href":"https:\/\/api.w.org\/{rel}","templated":true}]}}